{"id":12040,"date":"2025-05-21T11:33:37","date_gmt":"2025-05-21T11:33:37","guid":{"rendered":"https:\/\/partedepesca.com.ar\/d\/?p=12040"},"modified":"2025-05-22T06:58:01","modified_gmt":"2025-05-22T06:58:01","slug":"durdos-mide-fuerzas-en-su-interna-mientras-la-temporada-corre-peligro","status":"publish","type":"post","link":"https:\/\/partedepesca.com.ar\/d\/durdos-mide-fuerzas-en-su-interna-mientras-la-temporada-corre-peligro\/","title":{"rendered":"Durdos mide fuerzas en su interna mientras la temporada corre peligro"},"content":{"rendered":"\n<p>El titular del Sindicato de Obreros Mar\u00edtimos Unidos (SOMU), Ra\u00fal <strong>Durdos, protagonizar\u00e1 hoy su primer gran acto de campa\u00f1a en su carrera a la reelecci\u00f3n<\/strong>. La movilizaci\u00f3n convocada en cada seccional y delegaci\u00f3n del pa\u00eds <strong>tiene como principal objetivo ponerlo en el centro de la escena y exhibir su poder\u00edo interno frente a los diferentes sectores que forman parte del sindicato<\/strong> y que este a\u00f1o medir\u00e1n fuerza en las elecciones en las que se renuevan autoridades.<\/p>\n\n\n\n<p>En cada ciudad, <strong>el oficialismo se pondr\u00e1 a la cabeza de las marchas convocadas para hoy, bajo la consigna de luchar contra las empresas pesqueras de Argentina que no sacan sus barcos a la pesca y en rechazo a una rebaja salarial del 30 por ciento.<\/strong><\/p>\n\n\n\n<p>Con esas dos premisas buscar\u00e1n que todos los marineros se encolumnen detr\u00e1s de una movilizaci\u00f3n nacional, que tiene un fuerte contenido pol\u00edtico, y que<strong> la \u2018Conducci\u00f3n Durdos\u2019 intentar\u00e1 capitalizar se\u00f1alando que logr\u00f3 juntar a agrupaciones de todo el pa\u00eds <\/strong>y se mostrar\u00e1 como el referente nacional que va por su segunda reelecci\u00f3n.<\/p>\n\n\n\n<p>Mientras la c\u00fapula del SOMU juega fuerte sus fichas en la elecci\u00f3n internam para sostenerse en la conducci\u00f3n, <strong>la temporada de pesca de langostino en aguas nacionales sigue siendo incierta.<\/strong><\/p>\n\n\n\n<p>El viernes 23 de mayo al mediod\u00eda vence el plazo para que las empresas con buques congeladores tangoneros y barcos fresqueros de altura nominen embarcaciones, ofreci\u00e9ndolas para realizar la prospecci\u00f3n convocada por la Subsecretar\u00eda de Recursos Acu\u00edcolas y Pesca, pero t<strong>odo indica que no habr\u00e1 la cantidad suficiente de embarcaciones inscriptas y consecuentemente la prospecci\u00f3n fracasar\u00e1.<\/strong><\/p>\n\n\n\n<p>Sin ese relevamiento, la autoridad de aplicaci\u00f3n carecer\u00e1 de elementos t\u00e9cnicos para definir una apertura de la pesquer\u00eda de la especie langostino en aguas de jurisdicci\u00f3n nacional. <strong>La temporada entrar\u00e1 en un terreno aun m\u00e1s incierto y con serio riesgo que este a\u00f1o no se lleve a cabo.<\/strong><\/p>\n\n\n\n<p>El fondo de la cuesti\u00f3n est\u00e1 vinculado a los elevados costos de producci\u00f3n que vienen planteando las empresas, lo que ha provocado una ecuaci\u00f3n de rentabilidad negativa dentro del negocio del langostino, y ha llevado a que la casi totalidad de las empresas, tanto patag\u00f3nicas como marplatenses, optaran por no salir a la pesca.<\/p>\n\n\n\n<p>El sector armatorial plantea reducir un 30% los valores de referencia con los que se liquidan los sueldos complementarios de producci\u00f3n, aduciendo que dicho \u00edtem dispara el costo laboral del barco.<\/p>\n\n\n\n<p>Mientras durante este mi\u00e9rcoles se lleven a cabo diferentes movilizaciones en cada ciudad portuaria del pa\u00eds, en la ciudad de Buenos Aires se realizar\u00e1 una nueva audiencia de partes en la Direcci\u00f3n Nacional del Trabajo, en el \u00e1mbito del Ministerio de Capital Humano, en el marco de la conciliaci\u00f3n obligatoria dictada luego que el SOMU decretara un paro nacional semana atr\u00e1s.<\/p>\n\n\n\n<p>En este d\u00eda clave, Ra\u00fal Durdos jugar\u00e1 fuerte en la interna del sindicato tratando de capitalizar que es el dirigente que sac\u00f3 a la calle a marineros del todo el pa\u00eds, y se mostrar\u00e1 \u2018combativo\u2019 contra los empresarios y contra el gobierno nacional, justo en el d\u00eda que se da a conocer el decreto que desregula el transporte y cabotaje mar\u00edtimo.<\/p>\n","protected":false},"excerpt":{"rendered":"<p>El titular del Sindicato de Obreros Mar\u00edtimos Unidos (SOMU), Ra\u00fal Durdos, protagonizar\u00e1 hoy su primer gran acto de campa\u00f1a en su carrera a la reelecci\u00f3n. La movilizaci\u00f3n convocada en cada seccional y delegaci\u00f3n del pa\u00eds tiene como principal objetivo ponerlo en el centro de la escena y exhibir su poder\u00edo interno frente a los diferentes<\/p>\n","protected":false},"author":3,"featured_media":11615,"comment_status":"open","ping_status":"open","sticky":false,"template":"","format":"standard","meta":{"om_disable_all_campaigns":false,"_monsterinsights_skip_tracking":false,"_monsterinsights_sitenote_active":false,"_monsterinsights_sitenote_note":"","_monsterinsights_sitenote_category":0,"footnotes":""},"categories":[9],"tags":[237,91,152,212,2164,338,179],"class_list":{"0":"post-12040","1":"post","2":"type-post","3":"status-publish","4":"format-standard","5":"has-post-thumbnail","7":"category-actualidad","8":"tag-aguas-nacionales","9":"tag-featured","10":"tag-langostino","11":"tag-marineros","12":"tag-movilizacion","13":"tag-prospeccion","14":"tag-somu"},"aioseo_notices":[],"amp_enabled":true,"_links":{"self":[{"href":"https:\/\/partedepesca.com.ar\/d\/wp-json\/wp\/v2\/posts\/12040","targetHints":{"allow":["GET"]}}],"collection":[{"href":"https:\/\/partedepesca.com.ar\/d\/wp-json\/wp\/v2\/posts"}],"about":[{"href":"https:\/\/partedepesca.com.ar\/d\/wp-json\/wp\/v2\/types\/post"}],"author":[{"embeddable":true,"href":"https:\/\/partedepesca.com.ar\/d\/wp-json\/wp\/v2\/users\/3"}],"replies":[{"embeddable":true,"href":"https:\/\/partedepesca.com.ar\/d\/wp-json\/wp\/v2\/comments?post=12040"}],"version-history":[{"count":2,"href":"https:\/\/partedepesca.com.ar\/d\/wp-json\/wp\/v2\/posts\/12040\/revisions"}],"predecessor-version":[{"id":12042,"href":"https:\/\/partedepesca.com.ar\/d\/wp-json\/wp\/v2\/posts\/12040\/revisions\/12042"}],"wp:featuredmedia":[{"embeddable":true,"href":"https:\/\/partedepesca.com.ar\/d\/wp-json\/wp\/v2\/media\/11615"}],"wp:attachment":[{"href":"https:\/\/partedepesca.com.ar\/d\/wp-json\/wp\/v2\/media?parent=12040"}],"wp:term":[{"taxonomy":"category","embeddable":true,"href":"https:\/\/partedepesca.com.ar\/d\/wp-json\/wp\/v2\/categories?post=12040"},{"taxonomy":"post_tag","embeddable":true,"href":"https:\/\/partedepesca.com.ar\/d\/wp-json\/wp\/v2\/tags?post=12040"}],"curies":[{"name":"wp","href":"https:\/\/api.w.org\/{rel}","templated":true}]}}