{"id":11904,"date":"2025-05-09T09:36:43","date_gmt":"2025-05-09T09:36:43","guid":{"rendered":"https:\/\/partedepesca.com.ar\/d\/?p=11904"},"modified":"2025-05-12T10:38:38","modified_gmt":"2025-05-12T10:38:38","slug":"quien-es-la-flamante-dama-de-hierro-del-consejo-federal-pesquero","status":"publish","type":"post","link":"https:\/\/partedepesca.com.ar\/d\/quien-es-la-flamante-dama-de-hierro-del-consejo-federal-pesquero\/","title":{"rendered":"\u00bfQui\u00e9n es la flamante \u2018dama de hierro\u2019 del Consejo Federal Pesquero?"},"content":{"rendered":"\n<p>BARCELONA.- La Seafood Expo Global dej\u00f3 mucha tela para cortar y un dato que no pas\u00f3 desapercibido fue la presencia de la nueva representante del Poder Ejecutivo Nacional en el seno del Consejo Federal Pesquero. Se trata de M\u00f3nica Almada que se present\u00f3 como tal y dice estar el decreto firmado de su designaci\u00f3n, aunque todav\u00eda no habr\u00eda sido publicado en el Bolet\u00edn Oficial, raz\u00f3n por la cual no ha participado aun de las sesiones del cuerpo colegiado.<\/p>\n\n\n\n<p>Hay preocupaci\u00f3n en el \u00e1mbito del Consejo por el perfil frontal que ha adoptado la funcionaria en sus primeras apariciones, ocasiones en que se ha esmerado en hacer saber que \u2018viene a aplicar la motosierra\u2019.<\/p>\n\n\n\n<p>Y, en el coctel que se ofreci\u00f3 en el Consulado de Barcelona, el mi\u00e9rcoles por la noche, se atrevi\u00f3 a poner en duda la \u2018utilidad\u2019 del Consejo Federal Pesquero, lo que aliment\u00f3 un sinn\u00famero de especulaciones m\u00e1s all\u00e1 de la informalidad del momento, pero qued\u00f3 claro que Almada llega con instrucciones \u2018reformistas\u2019.<\/p>\n\n\n\n<p>A la abogada se la vincula en forma directa con el ex secretario de Coordinaci\u00f3n de Producci\u00f3n y actual titular de la Agencia de Recaudaci\u00f3n y Control Aduanero (ARCA), Juan Pazo, aunque comulgar\u00eda y bastante con la impronta desregulatoria del ministro Federico Sturzenegger.<\/p>\n\n\n\n<p>M\u00f3nica Almada es considera \u2018halcona\u2019 por algunos, y por otros como \u2018la comisaria\u2019 o la \u2018dama de hierro\u2019 por su arrolladora y soberbia forma de moverse, cuentan por lo bajo fuentes del Consejo Federal Pesquero.<\/p>\n\n\n\n<figure class=\"wp-block-image size-full\"><a href=\"https:\/\/partedepesca.com.ar\/d\/wp-content\/uploads\/2025\/05\/monica-almada-m.jpg\"><img fetchpriority=\"high\" decoding=\"async\" width=\"728\" height=\"500\" src=\"https:\/\/partedepesca.com.ar\/d\/wp-content\/uploads\/2025\/05\/monica-almada-m.jpg\" alt=\"\" class=\"wp-image-11907\" srcset=\"https:\/\/partedepesca.com.ar\/d\/wp-content\/uploads\/2025\/05\/monica-almada-m.jpg 728w, https:\/\/partedepesca.com.ar\/d\/wp-content\/uploads\/2025\/05\/monica-almada-m-300x206.jpg 300w, https:\/\/partedepesca.com.ar\/d\/wp-content\/uploads\/2025\/05\/monica-almada-m-150x103.jpg 150w, https:\/\/partedepesca.com.ar\/d\/wp-content\/uploads\/2025\/05\/monica-almada-m-450x309.jpg 450w\" sizes=\"(max-width: 728px) 100vw, 728px\" \/><\/a><figcaption class=\"wp-element-caption\">En 2001, Almada estuvo envuelta en un esc\u00e1ndalo por retirar todos sus ahorros horas antes del &#8216;corralito&#8217; en momentos que era directora del Banco Ciudad.<\/figcaption><\/figure>\n\n\n\n<p>La flamante funcionada es un personaje conocido en el \u00e1mbito de la pol\u00edtica porte\u00f1a. Primero fue delarruista y despu\u00e9s se cobij\u00f3 bajo el ala del macrismo y ha estado envuelta en varias pol\u00e9micas.<\/p>\n\n\n\n<p>Durante la crisis de 2001, Almada era directora del Banco Ciudad (cargo al que hab\u00eda llegado de la mano de Fernando De la R\u00faa) y tuvo que renunciar cuando se descubri\u00f3 que tres d\u00edas antes del &#8220;corralito&#8221; retir\u00f3 un plazo fijo de 315 mil d\u00f3lares que ten\u00eda en la entidad.<\/p>\n\n\n\n<p>\u201cTras el esc\u00e1ndalo Almada se corri\u00f3 del ojo p\u00fablico y el PRO la recluy\u00f3 como asesora en la C\u00e1mara de Diputados. En 2009 Macri la nombr\u00f3 directora administrativa del Teatro Col\u00f3n. Ya durante el gobierno nacional, Almada volvi\u00f3 a ganar notoriedad al ser designada primero como directora y luego como vicepresidenta de Naci\u00f3n Seguros. Al mismo tiempo, Pazo era superintendente de seguros de Naci\u00f3n\u201d, cuenta La Pol\u00edtica Online sobre los antecedentes de la se\u00f1ora.<\/p>\n\n\n\n<p>As\u00ed las cosas, Almada fue presentada en sociedad en el \u00e1mbito pesquero en la Feria de Barcelona de la mano del subsecretario Juan Antonio L\u00f3pez Cazorla, a quien la \u2018dama de hierro\u2019 vendr\u00eda a recortarle el poco poder que tiene. Todas las miradas se posan en las pr\u00f3ximas sesiones del CFP, ya que est\u00e1 claro que la nueva representante del Poder Ejecutivo no viene a levantar la mano. &nbsp;<\/p>\n","protected":false},"excerpt":{"rendered":"<p>BARCELONA.- La Seafood Expo Global dej\u00f3 mucha tela para cortar y un dato que no pas\u00f3 desapercibido fue la presencia de la nueva representante del Poder Ejecutivo Nacional en el seno del Consejo Federal Pesquero. Se trata de M\u00f3nica Almada que se present\u00f3 como tal y dice estar el decreto firmado de su designaci\u00f3n, aunque<\/p>\n","protected":false},"author":3,"featured_media":11905,"comment_status":"open","ping_status":"open","sticky":false,"template":"","format":"standard","meta":{"om_disable_all_campaigns":false,"_monsterinsights_skip_tracking":false,"_monsterinsights_sitenote_active":false,"_monsterinsights_sitenote_note":"","_monsterinsights_sitenote_category":0,"footnotes":""},"categories":[9],"tags":[223,91,1135,2145,156],"class_list":{"0":"post-11904","1":"post","2":"type-post","3":"status-publish","4":"format-standard","5":"has-post-thumbnail","7":"category-actualidad","8":"tag-consejo-federal-pesquero","9":"tag-featured","10":"tag-feria-de-barcelona","11":"tag-monica-almada","12":"tag-seafood-expo-global"},"aioseo_notices":[],"amp_enabled":true,"_links":{"self":[{"href":"https:\/\/partedepesca.com.ar\/d\/wp-json\/wp\/v2\/posts\/11904","targetHints":{"allow":["GET"]}}],"collection":[{"href":"https:\/\/partedepesca.com.ar\/d\/wp-json\/wp\/v2\/posts"}],"about":[{"href":"https:\/\/partedepesca.com.ar\/d\/wp-json\/wp\/v2\/types\/post"}],"author":[{"embeddable":true,"href":"https:\/\/partedepesca.com.ar\/d\/wp-json\/wp\/v2\/users\/3"}],"replies":[{"embeddable":true,"href":"https:\/\/partedepesca.com.ar\/d\/wp-json\/wp\/v2\/comments?post=11904"}],"version-history":[{"count":2,"href":"https:\/\/partedepesca.com.ar\/d\/wp-json\/wp\/v2\/posts\/11904\/revisions"}],"predecessor-version":[{"id":11908,"href":"https:\/\/partedepesca.com.ar\/d\/wp-json\/wp\/v2\/posts\/11904\/revisions\/11908"}],"wp:featuredmedia":[{"embeddable":true,"href":"https:\/\/partedepesca.com.ar\/d\/wp-json\/wp\/v2\/media\/11905"}],"wp:attachment":[{"href":"https:\/\/partedepesca.com.ar\/d\/wp-json\/wp\/v2\/media?parent=11904"}],"wp:term":[{"taxonomy":"category","embeddable":true,"href":"https:\/\/partedepesca.com.ar\/d\/wp-json\/wp\/v2\/categories?post=11904"},{"taxonomy":"post_tag","embeddable":true,"href":"https:\/\/partedepesca.com.ar\/d\/wp-json\/wp\/v2\/tags?post=11904"}],"curies":[{"name":"wp","href":"https:\/\/api.w.org\/{rel}","templated":true}]}}