{"id":11846,"date":"2025-04-30T19:59:15","date_gmt":"2025-04-30T19:59:15","guid":{"rendered":"https:\/\/partedepesca.com.ar\/d\/?p=11846"},"modified":"2025-05-06T01:52:24","modified_gmt":"2025-05-06T01:52:24","slug":"somu-violento-patotearon-a-marineros-que-querian-salir-a-trabajar","status":"publish","type":"post","link":"https:\/\/partedepesca.com.ar\/d\/somu-violento-patotearon-a-marineros-que-querian-salir-a-trabajar\/","title":{"rendered":"SOMU VIOLENTO: patotearon a marineros que quer\u00edan salir a trabajar"},"content":{"rendered":"\n<p>Ocurri\u00f3 este mi\u00e9rcoles 30 de abril en uno de los muelles de la ciudad de Mar del Plata cuando el buque fresquero de altura \u2018Marlene del Carmen\u2019 intent\u00f3 despachar a zona de pesca, pero una horda del Sindicato de Obreros Mar\u00edtimos Unidos (SOMU) fue a bloquear la zarpada y patotearon a los marineros que hab\u00edan aceptado salir a trabajar.<\/p>\n\n\n\n<p>El buque recientemente botado en Mar del Plata iba a realizar su primera marea, ten\u00eda despacho y los ocho marineros a bordo listos para soltar amarras, cuando un grupo de manifestantes con el secretario de seccional del SOMU, Oscar Bravo, se apost\u00f3 en la banquina al lado del buque y prepotearon a los marineros que hab\u00edan aceptado las condiciones para salir a navegar.<\/p>\n\n\n\n<figure class=\"wp-block-embed is-type-video is-provider-youtube wp-block-embed-youtube wp-embed-aspect-16-9 wp-has-aspect-ratio\"><div class=\"wp-block-embed__wrapper\">\n<iframe title=\"SOMU VIOLENTO: patotearon a marineros que quer\u00edan salir a trabajar\" width=\"788\" height=\"443\" src=\"https:\/\/www.youtube.com\/embed\/3hKwf1nfXWA?feature=oembed\" frameborder=\"0\" allow=\"accelerometer; autoplay; clipboard-write; encrypted-media; gyroscope; picture-in-picture; web-share\" referrerpolicy=\"strict-origin-when-cross-origin\" allowfullscreen><\/iframe>\n<\/div><\/figure>\n\n\n\n<p>Hubo escenas de violencia y enfrentamiento entre trabajadores que pudo haber terminado en una desgracia, al tiempo que la Prefectura Naval Argentina no impidi\u00f3 que golpear\u00e1n a los marineros.<\/p>\n\n\n\n<p class=\"has-vivid-cyan-blue-color has-text-color has-link-color wp-elements-e52a289598f635bff7b39afa9bc47fd6\"><strong>\u201cLOS MARINEROS QUER\u00cdAN SALIR\u201d<\/strong><\/p>\n\n\n\n<p>El propietario del buque Luis Santander relat\u00f3 a <strong>PARTE DE PESCA<\/strong> c\u00f3mo se originaron los violentos episodios. \u201cEsto arranc\u00f3 porque el barco ten\u00eda despacho para las 9 de la ma\u00f1ana. Por ser un barco es m\u00e1s moderno, con toda la tecnolog\u00eda yo puedo subir con ocho tripulantes y pagar alg\u00fan faltante si es necesario. Acord\u00e9 con la gente cuando bot\u00e9 el barco, con la tripulaci\u00f3n y el capit\u00e1n que el barco iba a salir con ocho\u201d, describi\u00f3.<\/p>\n\n\n\n<figure class=\"wp-block-image size-large\"><a href=\"https:\/\/partedepesca.com.ar\/d\/wp-content\/uploads\/2025\/04\/somu-violento-mar-del-plata-1-scaled.jpg\"><img fetchpriority=\"high\" decoding=\"async\" width=\"1024\" height=\"496\" src=\"https:\/\/partedepesca.com.ar\/d\/wp-content\/uploads\/2025\/04\/somu-violento-mar-del-plata-1-1024x496.jpg\" alt=\"\" class=\"wp-image-11848\" srcset=\"https:\/\/partedepesca.com.ar\/d\/wp-content\/uploads\/2025\/04\/somu-violento-mar-del-plata-1-1024x496.jpg 1024w, https:\/\/partedepesca.com.ar\/d\/wp-content\/uploads\/2025\/04\/somu-violento-mar-del-plata-1-300x145.jpg 300w, https:\/\/partedepesca.com.ar\/d\/wp-content\/uploads\/2025\/04\/somu-violento-mar-del-plata-1-768x372.jpg 768w, https:\/\/partedepesca.com.ar\/d\/wp-content\/uploads\/2025\/04\/somu-violento-mar-del-plata-1-1536x745.jpg 1536w, https:\/\/partedepesca.com.ar\/d\/wp-content\/uploads\/2025\/04\/somu-violento-mar-del-plata-1-2048x993.jpg 2048w, https:\/\/partedepesca.com.ar\/d\/wp-content\/uploads\/2025\/04\/somu-violento-mar-del-plata-1-150x73.jpg 150w, https:\/\/partedepesca.com.ar\/d\/wp-content\/uploads\/2025\/04\/somu-violento-mar-del-plata-1-450x218.jpg 450w, https:\/\/partedepesca.com.ar\/d\/wp-content\/uploads\/2025\/04\/somu-violento-mar-del-plata-1-1200x582.jpg 1200w\" sizes=\"(max-width: 1024px) 100vw, 1024px\" \/><\/a><\/figure>\n\n\n\n<p>\u201cEl SOMU les ha impuesto a los barcos modernos poner diez marineros y pagar todo por tablita, pero en mi empresa pagamos todo a convenio. Hoy apareci\u00f3 el SOMU con cuarenta tipos con Oscar Bravo a la cabeza diciendo que no nos iban a dejar salir y la gente, los marineros, les dijeron que s\u00ed quer\u00edan salir\u201d, detall\u00f3 sobre el contexto de la situaci\u00f3n que deriv\u00f3 en violencia y finalmente le barco no zarp\u00f3.<\/p>\n\n\n\n<p class=\"has-vivid-cyan-blue-color has-text-color has-link-color wp-elements-686eb95b9ecb01796a91808e3ebb4257\"><strong>\u201cLOS AMENAZARON DE MUERTE\u201d<\/strong><\/p>\n\n\n\n<p>Santander cont\u00f3 que concurri\u00f3 con un escribano a pie de muelle para dejar constancia de lo ocurrido. \u201cEl SOMU me lleg\u00f3 a decir que suba a 10 ac\u00e1, v\u00e1yanse al sur y all\u00e1 bajen 2 y no los vamos a molestar. Me dijeron que estaban en un a\u00f1o electoral y que deb\u00eda subir 10 por ser un barco nuevo sino se les desmadra el resto. Y yo qu\u00e9 tengo que ver con sus internas y de ninguna manera lo acept\u00e9\u201d, afirm\u00f3 el due\u00f1o del barco Marlene del Carmen.<\/p>\n\n\n\n<p>\u201cEsta gente del SOMU vino y le peg\u00f3 al primer pescador, tambi\u00e9n le pegaron a mi armador, fueron agredidos f\u00edsicamente, y la Prefectura no hizo absolutamente nada\u201d, se quej\u00f3 el empresario patag\u00f3nico.<\/p>\n\n\n\n<figure class=\"wp-block-image size-large\"><a href=\"https:\/\/partedepesca.com.ar\/d\/wp-content\/uploads\/2025\/04\/somu-violento-mar-del-plata-3.jpeg\"><img decoding=\"async\" width=\"1024\" height=\"671\" src=\"https:\/\/partedepesca.com.ar\/d\/wp-content\/uploads\/2025\/04\/somu-violento-mar-del-plata-3-1024x671.jpeg\" alt=\"\" class=\"wp-image-11849\" srcset=\"https:\/\/partedepesca.com.ar\/d\/wp-content\/uploads\/2025\/04\/somu-violento-mar-del-plata-3-1024x671.jpeg 1024w, https:\/\/partedepesca.com.ar\/d\/wp-content\/uploads\/2025\/04\/somu-violento-mar-del-plata-3-300x197.jpeg 300w, https:\/\/partedepesca.com.ar\/d\/wp-content\/uploads\/2025\/04\/somu-violento-mar-del-plata-3-768x503.jpeg 768w, https:\/\/partedepesca.com.ar\/d\/wp-content\/uploads\/2025\/04\/somu-violento-mar-del-plata-3-150x98.jpeg 150w, https:\/\/partedepesca.com.ar\/d\/wp-content\/uploads\/2025\/04\/somu-violento-mar-del-plata-3-450x295.jpeg 450w, https:\/\/partedepesca.com.ar\/d\/wp-content\/uploads\/2025\/04\/somu-violento-mar-del-plata-3.jpeg 1200w\" sizes=\"(max-width: 1024px) 100vw, 1024px\" \/><\/a><\/figure>\n\n\n\n<p>Los marineros que estaban prestos a zarpar, tras el ataque recibido y las amenazas de las que fueron v\u00edctimas optaron por no salir a la pesca \u201cporque tienen miedo por sus familias. Estos tipos vinieron y los amenazaron de muerte. Les dijeron que iban a ir a sus casas y por la seguridad de sus familias no salieron\u201d, relat\u00f3 Luis Santander.<\/p>\n\n\n\n<p class=\"has-vivid-cyan-blue-color has-text-color has-link-color wp-elements-9049cd92cacf7edab64a36947d5cdb4d\"><strong>DENUNCIAS PENALES<\/strong><\/p>\n\n\n\n<p>El propietario de la embarcaci\u00f3n anticip\u00f3 que iniciar\u00e1 demandas penales \u201ccontra el SOMU y puntualmente contra Bravo y Basaill, porque fueron quienes encabezaron e incitaron a la violencia, tenemos los videos\u201d, indic\u00f3.<\/p>\n\n\n\n<p>El buque fresquero de altura se aprestaba a realizar su primera marea y volv\u00eda a descargar a Mar del Plata. \u201cEl barco tiene permiso irrestricto y puede pescar perfectamente, no hay nada que lo impida. Y esto que pide el SOMU de que tengo que subir 10 no est\u00e1 previsto en ning\u00fan lado. El convenio en ning\u00fan lado dice eso, lo que ellos han impuesto es una tablita que no tiene ning\u00fan sustento\u201d, asever\u00f3.<\/p>\n\n\n\n<p>\u201cLa tripulaci\u00f3n acept\u00f3 salir a pescar a convenio. La gente quiere salir a trabajar, pero el SOMU se los impide. Despu\u00e9s de las agresiones y la patoteada que recibieron decidieron no salir\u201d, resumi\u00f3.<\/p>\n","protected":false},"excerpt":{"rendered":"<p>Ocurri\u00f3 este mi\u00e9rcoles 30 de abril en uno de los muelles de la ciudad de Mar del Plata cuando el buque fresquero de altura \u2018Marlene del Carmen\u2019 intent\u00f3 despachar a zona de pesca, pero una horda del Sindicato de Obreros Mar\u00edtimos Unidos (SOMU) fue a bloquear la zarpada y patotearon a los marineros que hab\u00edan<\/p>\n","protected":false},"author":4,"featured_media":11847,"comment_status":"open","ping_status":"open","sticky":false,"template":"","format":"standard","meta":{"om_disable_all_campaigns":false,"_monsterinsights_skip_tracking":false,"_monsterinsights_sitenote_active":false,"_monsterinsights_sitenote_note":"","_monsterinsights_sitenote_category":0,"footnotes":""},"categories":[9],"tags":[91,663,179,1812],"class_list":{"0":"post-11846","1":"post","2":"type-post","3":"status-publish","4":"format-standard","5":"has-post-thumbnail","7":"category-actualidad","8":"tag-featured","9":"tag-mar-del-plata","10":"tag-somu","11":"tag-violencia"},"aioseo_notices":[],"amp_enabled":true,"_links":{"self":[{"href":"https:\/\/partedepesca.com.ar\/d\/wp-json\/wp\/v2\/posts\/11846","targetHints":{"allow":["GET"]}}],"collection":[{"href":"https:\/\/partedepesca.com.ar\/d\/wp-json\/wp\/v2\/posts"}],"about":[{"href":"https:\/\/partedepesca.com.ar\/d\/wp-json\/wp\/v2\/types\/post"}],"author":[{"embeddable":true,"href":"https:\/\/partedepesca.com.ar\/d\/wp-json\/wp\/v2\/users\/4"}],"replies":[{"embeddable":true,"href":"https:\/\/partedepesca.com.ar\/d\/wp-json\/wp\/v2\/comments?post=11846"}],"version-history":[{"count":1,"href":"https:\/\/partedepesca.com.ar\/d\/wp-json\/wp\/v2\/posts\/11846\/revisions"}],"predecessor-version":[{"id":11850,"href":"https:\/\/partedepesca.com.ar\/d\/wp-json\/wp\/v2\/posts\/11846\/revisions\/11850"}],"wp:featuredmedia":[{"embeddable":true,"href":"https:\/\/partedepesca.com.ar\/d\/wp-json\/wp\/v2\/media\/11847"}],"wp:attachment":[{"href":"https:\/\/partedepesca.com.ar\/d\/wp-json\/wp\/v2\/media?parent=11846"}],"wp:term":[{"taxonomy":"category","embeddable":true,"href":"https:\/\/partedepesca.com.ar\/d\/wp-json\/wp\/v2\/categories?post=11846"},{"taxonomy":"post_tag","embeddable":true,"href":"https:\/\/partedepesca.com.ar\/d\/wp-json\/wp\/v2\/tags?post=11846"}],"curies":[{"name":"wp","href":"https:\/\/api.w.org\/{rel}","templated":true}]}}