{"id":11816,"date":"2025-04-28T09:51:23","date_gmt":"2025-04-28T09:51:23","guid":{"rendered":"https:\/\/partedepesca.com.ar\/d\/?p=11816"},"modified":"2025-04-29T10:50:53","modified_gmt":"2025-04-29T10:50:53","slug":"marinero-enfermo-se-moviliza-al-somu-me-estan-dejando-morir","status":"publish","type":"post","link":"https:\/\/partedepesca.com.ar\/d\/marinero-enfermo-se-moviliza-al-somu-me-estan-dejando-morir\/","title":{"rendered":"Marinero enfermo se moviliza al SOMU: \u201cme est\u00e1n dejando morir\u201d"},"content":{"rendered":"\n<p>El marinero de Chubut, Mauro D\u00edaz, que atraviesa una penosa enfermedad anunci\u00f3 que este martes 29 de abril se movilizar\u00e1 hasta la sede central del Sindicato de Obreros Mar\u00edtimos Unidos (SOMU) en la Ciudad Aut\u00f3noma de Buenos Aires a fin de reclamar respuestas a la obra social.<\/p>\n\n\n\n<p>D\u00edaz est\u00e1 siendo tratado con quimioterapia y temporalmente est\u00e1 parando en un camping en la ciudad de La Plata y denuncia que el SOMU no le brinda ayuda en medio de su delicada situaci\u00f3n de salud.<\/p>\n\n\n\n<p><a href=\"https:\/\/partedepesca.com.ar\/d\/cruel-abandono-del-somu-a-un-marinero-que-es-paciente-oncologico\/\" target=\"_blank\" rel=\"noopener\" title=\"\"><strong>Cruel abandono del SOMU a un marinero que es paciente oncol\u00f3gico.<\/strong><\/a><\/p>\n\n\n\n<p>\u201cHago este video para realizar una convocatoria, ya que el gremio a pesar de que hice medi\u00e1tico toda esta situaci\u00f3n nunca se ha presentado. Nunca me han llamado para tratar de solucionar todas problem\u00e1ticas que ocasiona esta situaci\u00f3n\u201d, dijo el trabajador de Rawson.<\/p>\n\n\n\n<p>El hombre mar\u00edtimo se\u00f1al\u00f3 que ante esta situaci\u00f3n <strong>\u201cno me queda otra que ir yo a Buenos Aires a la casa central para que el Secretario General (Ra\u00fal Durdos) me atienda. Pero esta vez no voy a ir solo.<\/strong> La vez anterior fui solo y el secretario general no me atendi\u00f3. <strong>Ahora voy a ir con todos los compa\u00f1eros para que \u00e9l salga a dar explicaciones por qu\u00e9 a un afiliado lo est\u00e1 dejando morir.<\/strong> Porque ante esta situaci\u00f3n se mantuvieron ajenos y nunca hablaron conmigo\u201d, cuestion\u00f3.<\/p>\n\n\n\n<figure class=\"wp-block-embed is-type-video is-provider-youtube wp-block-embed-youtube wp-embed-aspect-16-9 wp-has-aspect-ratio\"><div class=\"wp-block-embed__wrapper\">\n<iframe title=\"MARINERO ENFERMO SE MOVILIZA AL SOMU\uff1a \u201cME EST\u00c1N DEJANDO MORIR\u201d \uff5c By Partedepesca\" width=\"788\" height=\"443\" src=\"https:\/\/www.youtube.com\/embed\/QIUDPe41udU?feature=oembed\" frameborder=\"0\" allow=\"accelerometer; autoplay; clipboard-write; encrypted-media; gyroscope; picture-in-picture; web-share\" referrerpolicy=\"strict-origin-when-cross-origin\" allowfullscreen><\/iframe>\n<\/div><\/figure>\n\n\n\n<p>\u201cNunca se me acercaron ni me ofrecieron una ayuda. La \u00fanica ayuda que tuve fue de los propios compa\u00f1eros mar\u00edtimos y de personas que se acercaron y me ayudaron\u201d, reiter\u00f3 sobre la falta de respuestas a instancias del sindicato.<\/p>\n\n\n\n<p>Ante estas circunstancias, <strong>\u201cel martes 29 de abril a las 10 de la ma\u00f1ana voy a ir para que me d\u00e9 las explicaciones y las soluciones porque la obra social me est\u00e1 dejando morir\u201d<\/strong>, cont\u00f3 Mauro D\u00edas. Y agreg\u00f3: \u201cPido la ayuda y la colaboraci\u00f3n de los compa\u00f1eros que est\u00e1n en Buenos Aires para que el martes sea m\u00e1s fuerte el reclamo y el secretario general se haga presente\u201d, concluy\u00f3.<\/p>\n","protected":false},"excerpt":{"rendered":"<p>El marinero de Chubut, Mauro D\u00edaz, que atraviesa una penosa enfermedad anunci\u00f3 que este martes 29 de abril se movilizar\u00e1 hasta la sede central del Sindicato de Obreros Mar\u00edtimos Unidos (SOMU) en la Ciudad Aut\u00f3noma de Buenos Aires a fin de reclamar respuestas a la obra social. D\u00edaz est\u00e1 siendo tratado con quimioterapia y temporalmente<\/p>\n","protected":false},"author":4,"featured_media":11817,"comment_status":"open","ping_status":"open","sticky":false,"template":"","format":"standard","meta":{"om_disable_all_campaigns":false,"_monsterinsights_skip_tracking":false,"_monsterinsights_sitenote_active":false,"_monsterinsights_sitenote_note":"","_monsterinsights_sitenote_category":0,"footnotes":""},"categories":[9],"tags":[91,2131,2100,2133,2134,179],"class_list":{"0":"post-11816","1":"post","2":"type-post","3":"status-publish","4":"format-standard","5":"has-post-thumbnail","7":"category-actualidad","8":"tag-featured","9":"tag-marinero","10":"tag-mauro-diaz","11":"tag-oncologico","12":"tag-paciente","13":"tag-somu"},"aioseo_notices":[],"amp_enabled":true,"_links":{"self":[{"href":"https:\/\/partedepesca.com.ar\/d\/wp-json\/wp\/v2\/posts\/11816","targetHints":{"allow":["GET"]}}],"collection":[{"href":"https:\/\/partedepesca.com.ar\/d\/wp-json\/wp\/v2\/posts"}],"about":[{"href":"https:\/\/partedepesca.com.ar\/d\/wp-json\/wp\/v2\/types\/post"}],"author":[{"embeddable":true,"href":"https:\/\/partedepesca.com.ar\/d\/wp-json\/wp\/v2\/users\/4"}],"replies":[{"embeddable":true,"href":"https:\/\/partedepesca.com.ar\/d\/wp-json\/wp\/v2\/comments?post=11816"}],"version-history":[{"count":2,"href":"https:\/\/partedepesca.com.ar\/d\/wp-json\/wp\/v2\/posts\/11816\/revisions"}],"predecessor-version":[{"id":11819,"href":"https:\/\/partedepesca.com.ar\/d\/wp-json\/wp\/v2\/posts\/11816\/revisions\/11819"}],"wp:featuredmedia":[{"embeddable":true,"href":"https:\/\/partedepesca.com.ar\/d\/wp-json\/wp\/v2\/media\/11817"}],"wp:attachment":[{"href":"https:\/\/partedepesca.com.ar\/d\/wp-json\/wp\/v2\/media?parent=11816"}],"wp:term":[{"taxonomy":"category","embeddable":true,"href":"https:\/\/partedepesca.com.ar\/d\/wp-json\/wp\/v2\/categories?post=11816"},{"taxonomy":"post_tag","embeddable":true,"href":"https:\/\/partedepesca.com.ar\/d\/wp-json\/wp\/v2\/tags?post=11816"}],"curies":[{"name":"wp","href":"https:\/\/api.w.org\/{rel}","templated":true}]}}