{"id":11811,"date":"2025-04-25T18:21:20","date_gmt":"2025-04-25T18:21:20","guid":{"rendered":"https:\/\/partedepesca.com.ar\/d\/?p=11811"},"modified":"2025-04-28T11:18:27","modified_gmt":"2025-04-28T11:18:27","slug":"tenemos-que-pensar-en-una-verdadera-revolucion-de-competitividad-afirmo-torres","status":"publish","type":"post","link":"https:\/\/partedepesca.com.ar\/d\/tenemos-que-pensar-en-una-verdadera-revolucion-de-competitividad-afirmo-torres\/","title":{"rendered":"\u201cTenemos que pensar en una verdadera revoluci\u00f3n de competitividad\u201d, afirm\u00f3 Torres"},"content":{"rendered":"\n<p>El gobernador del Chubut, Ignacio \u201cNacho\u201d Torres, encabez\u00f3 este jueves el acto de apertura de EVENPa 2025, el evento empresarial m\u00e1s importante de la regi\u00f3n patag\u00f3nica, que celebra su tercera edici\u00f3n en la ciudad de Puerto Madryn, del 24 al 26 de abril. En esta ocasi\u00f3n, acompa\u00f1aron al mandatario los intendentes de Puerto Madryn, Gustavo Sastre; de Comodoro Rivadavia, Othar Macharashvili; de Trelew, Gerardo Merino; el titular de CIMA, Oscar Dethier; el presidente del Parque Tecnol\u00f3gico, Enrique Calvo; el referente de la C\u00e1mara del Golfo, Francisco Rodrigo; el presidente de la Agencia Comodoro Conocimiento, Rub\u00e9n Z\u00e1rate; el titular de la Comisi\u00f3n Organizadora de EVENPa, Sergio P\u00e9rez; funcionarios del Gabinete, legisladores nacionales, provinciales y concejales.<\/p>\n\n\n\n<p>Estuvieron presentes tambi\u00e9n el embajador de Guatemala en Argentina, H\u00e9ctor Iv\u00e1n Espinoza Farf\u00e1n, instituciones que integran el Parque Tecnol\u00f3gico de Puerto Madryn, c\u00e1maras empresariales, tur\u00edsticas e industriales, organizaciones de la sociedad civil, empresarios y emprendedores de las provincias de Buenos Aires, C\u00f3rdoba, Santa Fe, Mendoza, Entre R\u00edos, Santa Cruz y Neuqu\u00e9n, adem\u00e1s de representantes internacionales provenientes de Alemania, Chile, China, Jap\u00f3n, M\u00e9xico, Paraguay y Uruguay.<\/p>\n\n\n\n<p class=\"has-vivid-cyan-blue-color has-text-color has-link-color wp-elements-bdd4d49690337ae75d556073dd7d628e\"><strong>INDUSTRIA Y DESARROLLO<\/strong><\/p>\n\n\n\n<p>En su discurso, Torres subray\u00f3: \u201cEste evento es el resultado de un hermanamiento del sector privado a nivel regional, que es fruto de muchos a\u00f1os de trabajo. Ese hermanamiento hoy nos plantea el desaf\u00edo de mejorar la competitividad, no para competir entre nosotros, sino para mostrar que detr\u00e1s de la industria patag\u00f3nica hay trabajo genuino y visi\u00f3n com\u00fan\u201d.<\/p>\n\n\n\n<p>\u201cHoy conformamos mesas de competitividad junto a gremios y empresarios, abordando temas como la reducci\u00f3n de costos con responsabilidad y con una mirada de largo plazo. Ya no hay grietas entre \u2018el Valle\u2019 y \u2018la Zona Sur\u2019. Estamos impulsando una agenda productiva regional con representantes de toda la provincia: la Cordillera, la Meseta, el Valle y la Costa\u201d, agreg\u00f3.<\/p>\n\n\n\n<p>Adem\u00e1s, se\u00f1al\u00f3 que \u201cChubut atraves\u00f3 momentos dif\u00edciles, pero estamos en una etapa bisagra donde la discusi\u00f3n ya no es ideol\u00f3gica: todos coincidimos en que necesitamos orden macroecon\u00f3mico y responsabilidad fiscal para construir una provincia confiable\u201d.<\/p>\n\n\n\n<p class=\"has-vivid-cyan-blue-color has-text-color has-link-color wp-elements-985fbc3ed61c916704ced0510925ef2d\"><strong>EMPRENDEDORES Y VISI\u00d3N A FUTURO<\/strong><\/p>\n\n\n\n<p>Torres tambi\u00e9n puso en valor el rol de los nuevos emprendedores, destacando la participaci\u00f3n de CIMA Joven: \u201cSon j\u00f3venes con ideas, con empuje y muchas ganas de crecer. Pero es dif\u00edcil hacerlo si pensamos que la macroeconom\u00eda, por s\u00ed sola, resolver\u00e1 todo. Tenemos que hablar de microeconom\u00eda, de infraestructura y de una revoluci\u00f3n de competitividad. Ya no competimos entre provincias: competimos con el mundo\u201d.<\/p>\n\n\n\n<p>En esa l\u00ednea, advirti\u00f3: \u201cTenemos que acompa\u00f1ar lo que est\u00e1 bien y se\u00f1alar lo que est\u00e1 mal. La Argentina necesita exportar, pero si los puertos est\u00e1n deteriorados y las rutas nacionales abandonadas, el camino es inviable. Eso es absolutamente contraproducente\u201d.<\/p>\n\n\n\n<p class=\"has-vivid-cyan-blue-color has-text-color has-link-color wp-elements-f6e990cac2efc60fafb440f2710dd0c6\"><strong>\u201cSIN GRANDES EMPRESAS NO HAY TRABAJO\u201d<\/strong><\/p>\n\n\n\n<p>Por \u00faltimo, Torres valor\u00f3 la hist\u00f3rica sesi\u00f3n legislativa que permiti\u00f3 sancionar proyectos con amplio consenso pol\u00edtico: \u201cDespu\u00e9s de tanto enfrentamiento, hoy logramos acuerdos que necesitamos replicar a nivel nacional. El sector privado tambi\u00e9n debe ser protagonista de ese nuevo ciclo pol\u00edtico\u201d.<\/p>\n\n\n\n<p>Finalmente, el mandatario concluy\u00f3 asegurando que \u201csin grandes empresas no hay trabajo. El sentido com\u00fan es ser competitivos, bajar impuestos para producir m\u00e1s y potenciar la recaudaci\u00f3n. As\u00ed rompemos el ciclo pendular de un pa\u00eds que quiere refundarse cada cuatro a\u00f1os. En Chubut tenemos la autonom\u00eda y la institucionalidad necesarias para generar confianza, y esta edici\u00f3n de EVENPa es prueba de que cada a\u00f1o m\u00e1s empresas van a apostar por nuestra Patagonia\u201d.<\/p>\n","protected":false},"excerpt":{"rendered":"<p>El gobernador del Chubut, Ignacio \u201cNacho\u201d Torres, encabez\u00f3 este jueves el acto de apertura de EVENPa 2025, el evento empresarial m\u00e1s importante de la regi\u00f3n patag\u00f3nica, que celebra su tercera edici\u00f3n en la ciudad de Puerto Madryn, del 24 al 26 de abril. En esta ocasi\u00f3n, acompa\u00f1aron al mandatario los intendentes de Puerto Madryn, Gustavo<\/p>\n","protected":false},"author":4,"featured_media":11812,"comment_status":"open","ping_status":"open","sticky":false,"template":"","format":"standard","meta":{"om_disable_all_campaigns":false,"_monsterinsights_skip_tracking":false,"_monsterinsights_sitenote_active":false,"_monsterinsights_sitenote_note":"","_monsterinsights_sitenote_category":0,"footnotes":""},"categories":[9],"tags":[1801,91,235],"class_list":{"0":"post-11811","1":"post","2":"type-post","3":"status-publish","4":"format-standard","5":"has-post-thumbnail","7":"category-actualidad","8":"tag-evenpa","9":"tag-featured","10":"tag-ignacio-torres"},"aioseo_notices":[],"amp_enabled":true,"_links":{"self":[{"href":"https:\/\/partedepesca.com.ar\/d\/wp-json\/wp\/v2\/posts\/11811","targetHints":{"allow":["GET"]}}],"collection":[{"href":"https:\/\/partedepesca.com.ar\/d\/wp-json\/wp\/v2\/posts"}],"about":[{"href":"https:\/\/partedepesca.com.ar\/d\/wp-json\/wp\/v2\/types\/post"}],"author":[{"embeddable":true,"href":"https:\/\/partedepesca.com.ar\/d\/wp-json\/wp\/v2\/users\/4"}],"replies":[{"embeddable":true,"href":"https:\/\/partedepesca.com.ar\/d\/wp-json\/wp\/v2\/comments?post=11811"}],"version-history":[{"count":1,"href":"https:\/\/partedepesca.com.ar\/d\/wp-json\/wp\/v2\/posts\/11811\/revisions"}],"predecessor-version":[{"id":11813,"href":"https:\/\/partedepesca.com.ar\/d\/wp-json\/wp\/v2\/posts\/11811\/revisions\/11813"}],"wp:featuredmedia":[{"embeddable":true,"href":"https:\/\/partedepesca.com.ar\/d\/wp-json\/wp\/v2\/media\/11812"}],"wp:attachment":[{"href":"https:\/\/partedepesca.com.ar\/d\/wp-json\/wp\/v2\/media?parent=11811"}],"wp:term":[{"taxonomy":"category","embeddable":true,"href":"https:\/\/partedepesca.com.ar\/d\/wp-json\/wp\/v2\/categories?post=11811"},{"taxonomy":"post_tag","embeddable":true,"href":"https:\/\/partedepesca.com.ar\/d\/wp-json\/wp\/v2\/tags?post=11811"}],"curies":[{"name":"wp","href":"https:\/\/api.w.org\/{rel}","templated":true}]}}