{"id":11723,"date":"2025-04-14T11:38:39","date_gmt":"2025-04-14T11:38:39","guid":{"rendered":"https:\/\/partedepesca.com.ar\/d\/?p=11723"},"modified":"2025-04-15T10:49:58","modified_gmt":"2025-04-15T10:49:58","slug":"mas-de-veinte-empresas-de-argentina-se-daran-cita-en-la-seafood-expo-global","status":"publish","type":"post","link":"https:\/\/partedepesca.com.ar\/d\/mas-de-veinte-empresas-de-argentina-se-daran-cita-en-la-seafood-expo-global\/","title":{"rendered":"M\u00e1s de veinte empresas de Argentina se dar\u00e1n cita en la Seafood Expo Global"},"content":{"rendered":"\n<p>La Seafood Expo Global\/Seafood Processing Global, el evento comercial de productos del mar m\u00e1s grande y diverso del mundo, ha anunciado su crecimiento continuo de cara a la 31\u00aa edici\u00f3n, con 51.024 m2 netos de espacio neto de exposiciones, una cifra que seguir\u00e1 aumentando hasta la fecha de celebraci\u00f3n.<\/p>\n\n\n\n<p>La Expo, que se celebrar\u00e1 del 6 al 8 de mayo en Fira de Barcelona, Gran V\u00eda, convertir\u00e1 a la ciudad de Barcelona en un epicentro internacional para la industria global de productos del mar con un impacto econ\u00f3mico estimado de m\u00e1s de 156 millones de euros. Proveedores de productos del mar de todo el mundo presentar\u00e1n sus \u00faltimas innovaciones a compradores internacionales.<\/p>\n\n\n\n<p>El evento de alcance global ofrecer\u00e1 una plataforma internacional para que proveedores y compradores de productos del mar de todo el mundo se re\u00fanan en persona, fortalezcan relaciones comerciales existentes y establezcan nuevas alianzas estrat\u00e9gicas. La exposici\u00f3n recibir\u00e1 a m\u00e1s de 2.041 empresas expositoras llegadas de 84 pa\u00edses y contar\u00e1 con 65 pabellones nacionales y regionales. El n\u00famero de empresas expositoras sigue creciendo a medida que los pabellones confirman la participaci\u00f3n de las compa\u00f1\u00edas.<\/p>\n\n\n\n<p>Argentina contar\u00e1 con una veintena de empresas que formar\u00e1n parte del stand nacional donde se expondr\u00e1 la oferta exportable en el evento que es la vidriera global de los productos del mar.  Como cada a\u00f1o, la Feria de Barcelona se transforma en un term\u00f3metro de los mercados, donde las compa\u00f1\u00edas planifican y cierran operaciones comerciales.<\/p>\n\n\n\n<p>Hasta el momento han confirmado su participaci\u00f3n las empresas: Iberconsa de Argentina, Red Chamber Argentina, Newsan Food, Jab Bros Company, Brother Ocean, Maronti, Duntower, Lanzal, Grupo San Isidro, Achernar, Cabo V\u00edrgenes, Illex Fishing, Charlie Tango, Argenova, Arbumasa, Traweluwn, Pesquera Puerto Comodoro, FAO 41, Cooperativa de Trabajo del Norte, Conarpesa, Coomarpes y Estrella Patag\u00f3nica.<\/p>\n\n\n\n<p class=\"has-vivid-cyan-blue-color has-text-color has-link-color wp-elements-681c67fb8d6934c496668271d51467eb\"><strong>OPORTUNIDADES DE NETWORKING<\/strong><\/p>\n\n\n\n<p>\u201cLa expo contin\u00faa cobrando impulso, lo que demuestra la importancia de contar con un evento presencial a nivel global y el valor que aporta a la industria de productos del mar como espacio para ampliar alianzas comerciales, explorar oportunidades y abordar retos. La edici\u00f3n de este a\u00f1o, junto con una fuerte y creciente participaci\u00f3n internacional de empresas expositoras, promover\u00e1 el crecimiento de la industria proporcionando ideas y estrategias clave para las empresas, tanto durante el programa de conferencias como a trav\u00e9s del intercambio de conocimientos y de las oportunidades de networking en la feria\u201d, afirma Wynter Courmont, vicepresidenta de Seafood en Diversified.<\/p>\n\n\n\n<p>El director comercial de Fira de Barcelona, Rub\u00e9n Dalmau, sostiene que \u201cSeafood Expo Global es ya uno de los grandes eventos l\u00edderes internacionales del calendario de Fira. La feria sigue creciendo como punto de encuentro mundial para la industria de los productos del mar y, en Fira, trabajamos edici\u00f3n tras edici\u00f3n para contribuir a su \u00e9xito con un recinto y unos servicios de primer nivel y un entorno privilegiado como el que ofrece a sus visitantes la ciudad de Barcelona\u201d.<\/p>\n\n\n\n<p class=\"has-vivid-cyan-blue-color has-text-color has-link-color wp-elements-edbb68a49734f148d3116a7bf15e95d4\"><strong>SERVICIOS Y TECNOLOG\u00cdA<\/strong><\/p>\n\n\n\n<p>Los pabellones 1, 2, 3, 4 y 5, y la galer\u00eda entre los pabellones 4 y 5 del recinto de Gran V\u00eda, se convertir\u00e1n en la vitrina internacional de las \u00faltimas innovaciones en productos del mar y tecnolog\u00edas para su fabricaci\u00f3n y procesamiento. La Expo reunir\u00e1 a compradores de todo el mundo, incluyendo supermercados, restaurantes, hoteles, empresas de catering, importadores, distribuidores, mercados de marisco y otras compa\u00f1\u00edas de venta minorista y servicios de alimentaci\u00f3n, as\u00ed como compradores de equipos de procesamiento, envasado, tecnolog\u00eda y servicios de productos del mar.<\/p>\n\n\n\n<p class=\"has-vivid-cyan-blue-color has-text-color has-link-color wp-elements-bd25950f5923b16ee2d4fc5bbace87f8\"><strong>TENDENCIAS Y RETOS DEL SECTOR<\/strong><\/p>\n\n\n\n<p>La conferencia inaugural ir\u00e1 a cargo de Xavier Sala-i-Mart\u00edn, catedr\u00e1tico de Econom\u00eda de la Universidad de Columbia. Su ponencia, titulada Un nuevo mundo incierto, hablar\u00e1 sobre c\u00f3mo navegar por las nuevas incertidumbres econ\u00f3micas que afectan al sector global de los productos del mar y al mundo en general, desde las relaciones internacionales hasta los aranceles, entre otras cuestiones. El amplio programa de conferencias constar\u00e1 de m\u00e1s de 20 sesiones que conducir\u00e1n m\u00e1s de 80 expertos internacionales de la industria de los productos del mar.<\/p>\n\n\n\n<p>Las presentaciones y mesas redondas de esta edici\u00f3n explorar\u00e1n temas clave que reflejan las din\u00e1micas actuales y las tendencias emergentes del sector de los productos del mar. Se tratar\u00e1n cuestiones como la trazabilidad y la sostenibilidad, con sesiones acerca de la descarbonizaci\u00f3n, el envasado sostenible y las pr\u00e1cticas acu\u00edcolas.<\/p>\n","protected":false},"excerpt":{"rendered":"<p>La Seafood Expo Global\/Seafood Processing Global, el evento comercial de productos del mar m\u00e1s grande y diverso del mundo, ha anunciado su crecimiento continuo de cara a la 31\u00aa edici\u00f3n, con 51.024 m2 netos de espacio neto de exposiciones, una cifra que seguir\u00e1 aumentando hasta la fecha de celebraci\u00f3n. La Expo, que se celebrar\u00e1 del<\/p>\n","protected":false},"author":4,"featured_media":11727,"comment_status":"open","ping_status":"open","sticky":false,"template":"","format":"standard","meta":{"om_disable_all_campaigns":false,"_monsterinsights_skip_tracking":false,"_monsterinsights_sitenote_active":false,"_monsterinsights_sitenote_note":"","_monsterinsights_sitenote_category":0,"footnotes":""},"categories":[9],"tags":[1962,91,2108,156],"class_list":{"0":"post-11723","1":"post","2":"type-post","3":"status-publish","4":"format-standard","5":"has-post-thumbnail","7":"category-actualidad","8":"tag-argentina","9":"tag-featured","10":"tag-feria-barcelona","11":"tag-seafood-expo-global"},"aioseo_notices":[],"amp_enabled":true,"_links":{"self":[{"href":"https:\/\/partedepesca.com.ar\/d\/wp-json\/wp\/v2\/posts\/11723","targetHints":{"allow":["GET"]}}],"collection":[{"href":"https:\/\/partedepesca.com.ar\/d\/wp-json\/wp\/v2\/posts"}],"about":[{"href":"https:\/\/partedepesca.com.ar\/d\/wp-json\/wp\/v2\/types\/post"}],"author":[{"embeddable":true,"href":"https:\/\/partedepesca.com.ar\/d\/wp-json\/wp\/v2\/users\/4"}],"replies":[{"embeddable":true,"href":"https:\/\/partedepesca.com.ar\/d\/wp-json\/wp\/v2\/comments?post=11723"}],"version-history":[{"count":2,"href":"https:\/\/partedepesca.com.ar\/d\/wp-json\/wp\/v2\/posts\/11723\/revisions"}],"predecessor-version":[{"id":11726,"href":"https:\/\/partedepesca.com.ar\/d\/wp-json\/wp\/v2\/posts\/11723\/revisions\/11726"}],"wp:featuredmedia":[{"embeddable":true,"href":"https:\/\/partedepesca.com.ar\/d\/wp-json\/wp\/v2\/media\/11727"}],"wp:attachment":[{"href":"https:\/\/partedepesca.com.ar\/d\/wp-json\/wp\/v2\/media?parent=11723"}],"wp:term":[{"taxonomy":"category","embeddable":true,"href":"https:\/\/partedepesca.com.ar\/d\/wp-json\/wp\/v2\/categories?post=11723"},{"taxonomy":"post_tag","embeddable":true,"href":"https:\/\/partedepesca.com.ar\/d\/wp-json\/wp\/v2\/tags?post=11723"}],"curies":[{"name":"wp","href":"https:\/\/api.w.org\/{rel}","templated":true}]}}