{"id":11691,"date":"2025-04-09T14:01:49","date_gmt":"2025-04-09T14:01:49","guid":{"rendered":"https:\/\/partedepesca.com.ar\/d\/?p=11691"},"modified":"2025-04-11T12:50:22","modified_gmt":"2025-04-11T12:50:22","slug":"vamos-camino-a-un-escenario-de-colapso-productivo-y-social-alerto-retrivi","status":"publish","type":"post","link":"https:\/\/partedepesca.com.ar\/d\/vamos-camino-a-un-escenario-de-colapso-productivo-y-social-alerto-retrivi\/","title":{"rendered":"\u201cVamos camino a un escenario de colapso productivo y social\u201d, alert\u00f3 Retrivi"},"content":{"rendered":"\n<p>El presidente de la C\u00e1mara Pesquera Argentina &#8211; Armadores Langostineros Federales Argentinos (Capear ALFA), Mariano Retrivi, describi\u00f3 con crudeza y sin medias tintas el sombr\u00edo panorama que afecta al sector y que requiere de medidas urgentes para hacer sostenible la actividad.<\/p>\n\n\n\n<p>Retrivi cuestion\u00f3 la agobiante presi\u00f3n fiscal que pesa sobre industria pesquera y critic\u00f3 al Consejo Federal Pesquero (CFP) por el fuerte incremento del Derecho \u00danico de Extracci\u00f3n (DUE), organismo que rechaz\u00f3 todos los planteos de las c\u00e1maras empresariales sobre el tema, pero ensay\u00f3 una \u2018adecuaci\u00f3n\u2019 salom\u00f3nica que igualmente termina impactando fuerte sobre el sector.<\/p>\n\n\n\n<p class=\"has-vivid-cyan-blue-color has-text-color has-link-color wp-elements-198bf084358206e0cb274ecccca9a084\"><strong>CIRCUITO Y CADENA DE PAGOS<\/strong><\/p>\n\n\n\n<p>\u201cLa situaci\u00f3n del fresquero por ah\u00ed tiene una particularidad y es que no pod\u00e9s parar, porque si par\u00e1s no levant\u00e1s los cheques. La inmediatez del circuito del fresquero hace que vos hagas inversi\u00f3n, saques el barco, vuelvas, hagas inversi\u00f3n y empieza a armarse una rueda que donde paraste, cort\u00e1s la cadena de pago, y despu\u00e9s no pod\u00e9s retomar\u201d, describi\u00f3 a modo de s\u00edntesis al dar cuenta de las exigencias de esa estratificaci\u00f3n de flota.<\/p>\n\n\n\n<p>El empresario marplatense, en declaraciones a <strong>PARTE DE PESCA<\/strong>, admiti\u00f3 que \u201calgunos con m\u00e1s prolijidad que otros, pueden parar, otros no pueden parar. Las situaciones son todas diferentes porque hay empresas que por ah\u00ed est\u00e1n con una inversi\u00f3n reciente y la tienen que amortizar, hay otros que no\u201d.<\/p>\n\n\n\n<p>En tanto, en la cadena productiva de la pesca hay exigencias y obligaciones que demandan cada vez m\u00e1s ingenio y pericia para sobrellevarlas. \u201cDespu\u00e9s est\u00e1 el tema de las garant\u00edas horarias en tierra. El que tiene alguna integraci\u00f3n con frigor\u00edfico, si el barco no sale, la f\u00e1brica no trabaja. Si la f\u00e1brica no trabaja, paga garant\u00eda horaria que es una locura. Est\u00e1 todo dado vuelta\u201d, se\u00f1al\u00f3.<\/p>\n\n\n\n<p class=\"has-vivid-cyan-blue-color has-text-color has-link-color wp-elements-af10eba8c8a21e19a1f73ba67cfe2909\"><strong>SIN COMPETITIVIDAD<\/strong><\/p>\n\n\n\n<p>El armador y exportador de mariscos sostuvo que el contexto se presenta dificultoso y que la pesca a nivel sectorial en su conjunto no ha logrado persuadir a las autoridades para que se comprenda la dimensi\u00f3n de la problem\u00e1tica, y la urgencia de concurrir con medidas que eviten una profundizaci\u00f3n de la crisis.<\/p>\n\n\n\n<p>\u201cTenemos escenarios negativos en todos los aspectos y nunca esta industria pudo capitalizar la acci\u00f3n colectiva y solucionar los problemas verdaderos\u201d, reconoci\u00f3 Mariano Retrivi al plantear una mirada hacia adentro del sector.<\/p>\n\n\n\n<p>Asimismo, consider\u00f3 imperante para ser competitivos que a la pesca se le aliviane la carga impositiva. \u201cTenemos una muy fuerte presi\u00f3n fiscal, y hay que decirlo, tenemos un d\u00f3lar atrasado; por m\u00e1s que nadie quiera que se diga, el d\u00f3lar es un precio m\u00e1s de la econom\u00eda, lo dijo toda la vida el presidente Milei. Sin embargo, est\u00e1 pisado y todos los dem\u00e1s precios no\u201d, dijo categ\u00f3rico sobre el tipo de cambio y la estructura de costos<\/p>\n\n\n\n<p>Entonces, \u201clo venimos diciendo hace tiempo, la inflaci\u00f3n ya super\u00f3 el 200% desde la era Milei y el d\u00f3lar todav\u00eda no pas\u00f3 el 25%. Toda la competitividad que ten\u00edamos desapareci\u00f3\u201d, asever\u00f3.<\/p>\n\n\n\n<p class=\"has-vivid-cyan-blue-color has-text-color has-link-color wp-elements-ef4d93fbb7969c82e4f8801aa43a85f3\"><strong>SOBRECOSTOS PARA PRODUCIR<\/strong><\/p>\n\n\n\n<p>El empresario marplatense ve un corto plazo a\u00fan m\u00e1s complejo. \u201cVamos camino a un escenario de colapso productivo y social, si no se toman medidas urgentes\u201d, advirti\u00f3 al exponer la gravedad que impone la realidad, a pesar que sectores sindicales nieguen la crisis.<\/p>\n\n\n\n<p>Retrivi reclam\u00f3 una mayor desregulaci\u00f3n y menos intervenci\u00f3n estatal. \u201c\u00bfC\u00f3mo pod\u00e9s competir cuando ten\u00e9s una cadena productiva donde el Estado interviene 132 veces, m\u00ednimamente, distorsionando todos los destinos de tu compa\u00f1\u00eda?\u201d, plante\u00f3.<\/p>\n\n\n\n<p>Y agreg\u00f3: \u201chace tres semanas que no podemos cargar porque, primero, paro de aduanas, despu\u00e9s paro de transporte, ahora huelga general. En el medio tuvimos como siete feriados consecutivos con puentes, eso es una locura\u201d, relat\u00f3 al hacer alusi\u00f3n a un tema pol\u00e9mico que es el doble coste que tiene producir un d\u00eda no laborable, decretado por el Estado.<\/p>\n\n\n\n<p>\u201cEl feriado es tan grave como una huelga general porque el pescado lo ten\u00e9s que recibir y procesar ni bien llega porque es materia perecedera. A vos te meten un feriado de cuatro d\u00edas y vos tuviste que planificar una semana antes no sacar los barcos, para que no caigan en ese mismo feriado, o sacarlos para que mientras transcurre el feriado los barcos est\u00e9n afuera pescando\u201d, detall\u00f3 sobre la ingenier\u00eda que deben hacer las empresas para amortizar ese costo adicional.<\/p>\n\n\n\n<p class=\"has-vivid-cyan-blue-color has-text-color has-link-color wp-elements-42ab94392f5381dbb580500fed726cff\"><strong>EL DUE \u201cES UNA VERG\u00dcENZA\u201d<\/strong><\/p>\n\n\n\n<p>El presidente de Capear ALFA se expres\u00f3 en tono cr\u00edtico a la decisi\u00f3n del Consejo Federal Pesquero de incrementar los valores del Derecho \u00danico de Extracci\u00f3n, m\u00e1s all\u00e1 de la modificaci\u00f3n que hilvanaron semanas atr\u00e1s, pero que se negaron a atender los justificados reclamos de las diferentes c\u00e1maras pesqueras del pa\u00eds sobre el tema, y las rechazaron por razones de formalidades administrativas. \u201cEso es una verg\u00fcenza. Es una verg\u00fcenza, realmente. Fue inconsulto, unilateral, nadie entiende por qu\u00e9 sacaron esos n\u00fameros\u201d, reproch\u00f3 Mariano Retrivi. \u201cEl propio Liberman reconoci\u00f3 que la variable de ajuste que defini\u00f3 \u00e9l cuando propuso que se actualicen las UPE, en forma autom\u00e1tica, lo hizo pensando en mejorar las multas que les cobraban a los buques extranjeros. Nosotros en ese momento le dijimos, esto es una locura, porque cuando el gasoil se dispare, esto va a ser impagable y va a afectar a los argentinos, no a los de la milla 201. Y lo reconoci\u00f3, por suerte, la \u00faltima reuni\u00f3n en el Consejo Federal Pesquero\u201d, concluy\u00f3.<\/p>\n","protected":false},"excerpt":{"rendered":"<p>El presidente de la C\u00e1mara Pesquera Argentina &#8211; Armadores Langostineros Federales Argentinos (Capear ALFA), Mariano Retrivi, describi\u00f3 con crudeza y sin medias tintas el sombr\u00edo panorama que afecta al sector y que requiere de medidas urgentes para hacer sostenible la actividad. Retrivi cuestion\u00f3 la agobiante presi\u00f3n fiscal que pesa sobre industria pesquera y critic\u00f3 al<\/p>\n","protected":false},"author":3,"featured_media":11693,"comment_status":"open","ping_status":"open","sticky":false,"template":"","format":"standard","meta":{"om_disable_all_campaigns":false,"_monsterinsights_skip_tracking":false,"_monsterinsights_sitenote_active":false,"_monsterinsights_sitenote_note":"","_monsterinsights_sitenote_category":0,"footnotes":""},"categories":[9],"tags":[500,2003,751,91,345,152,663,2099],"class_list":{"0":"post-11691","1":"post","2":"type-post","3":"status-publish","4":"format-standard","5":"has-post-thumbnail","7":"category-actualidad","8":"tag-capear-alfa","9":"tag-costo-laboral","10":"tag-crisis-pesquera","11":"tag-featured","12":"tag-fresqueros","13":"tag-langostino","14":"tag-mar-del-plata","15":"tag-mariano-retrivi"},"aioseo_notices":[],"amp_enabled":true,"_links":{"self":[{"href":"https:\/\/partedepesca.com.ar\/d\/wp-json\/wp\/v2\/posts\/11691","targetHints":{"allow":["GET"]}}],"collection":[{"href":"https:\/\/partedepesca.com.ar\/d\/wp-json\/wp\/v2\/posts"}],"about":[{"href":"https:\/\/partedepesca.com.ar\/d\/wp-json\/wp\/v2\/types\/post"}],"author":[{"embeddable":true,"href":"https:\/\/partedepesca.com.ar\/d\/wp-json\/wp\/v2\/users\/3"}],"replies":[{"embeddable":true,"href":"https:\/\/partedepesca.com.ar\/d\/wp-json\/wp\/v2\/comments?post=11691"}],"version-history":[{"count":1,"href":"https:\/\/partedepesca.com.ar\/d\/wp-json\/wp\/v2\/posts\/11691\/revisions"}],"predecessor-version":[{"id":11694,"href":"https:\/\/partedepesca.com.ar\/d\/wp-json\/wp\/v2\/posts\/11691\/revisions\/11694"}],"wp:featuredmedia":[{"embeddable":true,"href":"https:\/\/partedepesca.com.ar\/d\/wp-json\/wp\/v2\/media\/11693"}],"wp:attachment":[{"href":"https:\/\/partedepesca.com.ar\/d\/wp-json\/wp\/v2\/media?parent=11691"}],"wp:term":[{"taxonomy":"category","embeddable":true,"href":"https:\/\/partedepesca.com.ar\/d\/wp-json\/wp\/v2\/categories?post=11691"},{"taxonomy":"post_tag","embeddable":true,"href":"https:\/\/partedepesca.com.ar\/d\/wp-json\/wp\/v2\/tags?post=11691"}],"curies":[{"name":"wp","href":"https:\/\/api.w.org\/{rel}","templated":true}]}}