{"id":11684,"date":"2025-04-08T10:00:00","date_gmt":"2025-04-08T10:00:00","guid":{"rendered":"https:\/\/partedepesca.com.ar\/d\/?p=11684"},"modified":"2025-04-09T14:05:10","modified_gmt":"2025-04-09T14:05:10","slug":"se-suspendio-la-audiencia-y-se-dilata-el-conflicto-de-congeladores","status":"publish","type":"post","link":"https:\/\/partedepesca.com.ar\/d\/se-suspendio-la-audiencia-y-se-dilata-el-conflicto-de-congeladores\/","title":{"rendered":"Se suspendi\u00f3 la audiencia y se dilata el conflicto de congeladores"},"content":{"rendered":"\n<p>El Consejo Federal Pesquero (CFP) recibir\u00e1 este mi\u00e9rcoles a la conducci\u00f3n del Sindicato de Obreros Mar\u00edtimos Unidos (SOMU) para analizar la situaci\u00f3n que afronta la actividad con la casi totalidad de los barcos congeladores tangoneros, sin operar, a pesar que desde hace cuatro semanas est\u00e1 abierta una parte de aguas nacionales para la pesca de langostino.<\/p>\n\n\n\n<p>La audiencia en la Secretar\u00eda de Trabajo, Empleo y Seguridad Social, en el \u00e1mbito del Ministerio de Capital Humano, prevista para este martes qued\u00f3 suspendida por cuestiones de agenda del organismo, y no hay fecha para retomar las conversaciones paritarias.<\/p>\n\n\n\n<p>El jueves habr\u00e1 un \u2018paro general\u2019 convocado por la CGT, donde los diferentes gremios vinculados a la pesca, tanto los mar\u00edtimos, como el Sindicato de la Alimentaci\u00f3n, adhieren y anunciaron que paralizar\u00e1n la actividad.<\/p>\n\n\n\n<p>No ser\u00e1 el caso de la flota congeladora tangonera que, desde mediados de septiembre de 2024, est\u00e1 firme amarrada a puerto y no hay empresas que est\u00e9n planeando armar tripulaciones para salir a aguas nacionales en los pr\u00f3ximos d\u00edas.<\/p>\n\n\n\n<p><strong>En pocos d\u00edas se cumplir\u00e1n \u201csiete meses\u201d que los marineros, maquinistas y capitanes de los barcos congeladores langostineros est\u00e1n sin salir a la pesca.<\/strong> En t\u00e9rminos administrativos laborales no hay conflicto, por lo que <strong>no es posible plantear una conciliaci\u00f3n obligatoria, y, si as\u00ed fuera, se deber\u00eda volver al punto de situaci\u00f3n del inicio de las negociaciones, es decir, resulta abstracto<\/strong> porque la flota ya estaba paralizada.<\/p>\n\n\n\n<p>La reuni\u00f3n de esta tarde en el Consejo Federal Pesquero no genera mayores expectativas, ser\u00e1 un \u00e1mbito de \u201ccatarsis sindical\u201d, de rezongos, donde <strong>le pedir\u00e1n al Subsecretario de Recursos Acu\u00e1ticos y Pesca, Juan Antonio L\u00f3pez Cazorla que promueva un encuentro con las autoridades del Gobierno de Javier Milei<\/strong> para que se apliquen medidas de ayuda a la pesca, para evitar discutir la variable salarial, pero en rigor, el funcionario carece de peso pol\u00edtico, y ni siquiera tiene llegada a los principales despacho del Ministerio de Econom\u00eda.<\/p>\n","protected":false},"excerpt":{"rendered":"<p>El Consejo Federal Pesquero (CFP) recibir\u00e1 este mi\u00e9rcoles a la conducci\u00f3n del Sindicato de Obreros Mar\u00edtimos Unidos (SOMU) para analizar la situaci\u00f3n que afronta la actividad con la casi totalidad de los barcos congeladores tangoneros, sin operar, a pesar que desde hace cuatro semanas est\u00e1 abierta una parte de aguas nacionales para la pesca de<\/p>\n","protected":false},"author":3,"featured_media":11330,"comment_status":"open","ping_status":"open","sticky":false,"template":"","format":"standard","meta":{"om_disable_all_campaigns":false,"_monsterinsights_skip_tracking":false,"_monsterinsights_sitenote_active":false,"_monsterinsights_sitenote_note":"","_monsterinsights_sitenote_category":0,"footnotes":""},"categories":[9],"tags":[1638,223,91,152,179,2055],"class_list":{"0":"post-11684","1":"post","2":"type-post","3":"status-publish","4":"format-standard","5":"has-post-thumbnail","7":"category-actualidad","8":"tag-congeladores","9":"tag-consejo-federal-pesquero","10":"tag-featured","11":"tag-langostino","12":"tag-somu","13":"tag-tangoneros"},"aioseo_notices":[],"amp_enabled":true,"_links":{"self":[{"href":"https:\/\/partedepesca.com.ar\/d\/wp-json\/wp\/v2\/posts\/11684","targetHints":{"allow":["GET"]}}],"collection":[{"href":"https:\/\/partedepesca.com.ar\/d\/wp-json\/wp\/v2\/posts"}],"about":[{"href":"https:\/\/partedepesca.com.ar\/d\/wp-json\/wp\/v2\/types\/post"}],"author":[{"embeddable":true,"href":"https:\/\/partedepesca.com.ar\/d\/wp-json\/wp\/v2\/users\/3"}],"replies":[{"embeddable":true,"href":"https:\/\/partedepesca.com.ar\/d\/wp-json\/wp\/v2\/comments?post=11684"}],"version-history":[{"count":2,"href":"https:\/\/partedepesca.com.ar\/d\/wp-json\/wp\/v2\/posts\/11684\/revisions"}],"predecessor-version":[{"id":11686,"href":"https:\/\/partedepesca.com.ar\/d\/wp-json\/wp\/v2\/posts\/11684\/revisions\/11686"}],"wp:featuredmedia":[{"embeddable":true,"href":"https:\/\/partedepesca.com.ar\/d\/wp-json\/wp\/v2\/media\/11330"}],"wp:attachment":[{"href":"https:\/\/partedepesca.com.ar\/d\/wp-json\/wp\/v2\/media?parent=11684"}],"wp:term":[{"taxonomy":"category","embeddable":true,"href":"https:\/\/partedepesca.com.ar\/d\/wp-json\/wp\/v2\/categories?post=11684"},{"taxonomy":"post_tag","embeddable":true,"href":"https:\/\/partedepesca.com.ar\/d\/wp-json\/wp\/v2\/tags?post=11684"}],"curies":[{"name":"wp","href":"https:\/\/api.w.org\/{rel}","templated":true}]}}