{"id":11589,"date":"2025-03-31T11:43:54","date_gmt":"2025-03-31T11:43:54","guid":{"rendered":"https:\/\/partedepesca.com.ar\/d\/?p=11589"},"modified":"2025-04-01T11:27:37","modified_gmt":"2025-04-01T11:27:37","slug":"tony-solimeno-tenemos-que-quebrar-para-ver-que-como-arreglamos-el-problema","status":"publish","type":"post","link":"https:\/\/partedepesca.com.ar\/d\/tony-solimeno-tenemos-que-quebrar-para-ver-que-como-arreglamos-el-problema\/","title":{"rendered":"&#8216;Tony&#8217; Solimeno: \u201c\u00bfTenemos que quebrar para ver c\u00f3mo arreglamos el problema?\u201d"},"content":{"rendered":"\n<p>El empresario marplatense <strong>Antonio Solimeno<\/strong> analiza con crudeza el contexto actual de la industria pesquera argentina y advierte sobre la necesidad de comprender la magnitud de la crisis del sector. Inst\u00f3 a que los sindicatos y las empresas se sienten a una mesa a discutir costos, sincerando los n\u00fameros.<\/p>\n\n\n\n<p><strong>\u201c\u00bfQu\u00e9 estamos esperando que la sangre llegue al r\u00edo?\u201d, <\/strong>se pregunt\u00f3. Dijo que los valores de referencia de producci\u00f3n de los tangoneros est\u00e1n desfasados de la realidad <strong>\u201cy as\u00ed el negocio no da\u201d<\/strong>.<\/p>\n\n\n\n<p>En tanto, el titular del Grupo Solimeno critic\u00f3 la voracidad fiscal del Estado, la continuidad de las retenciones y cuestion\u00f3 el incremento del DUE, considerando insuficiente el congelamiento resuelto la semana pasada por el Consejo Federal Pesquero.<\/p>\n\n\n\n<p class=\"has-vivid-cyan-blue-color has-text-color has-link-color wp-elements-0fdec90b22915ab9c305866b28c701c6\"><strong>\u201cPANORAMA INCIERTO\u201d<\/strong><\/p>\n\n\n\n<p>Respecto a la situaci\u00f3n de la flota congeladora tangonera que sigue en puerto a pesar de estar habilitada la pesca de langostino en aguas nacionales, fuera de la veda de merluza, seg\u00fan argumentan las c\u00e1maras empresarias por la rentabilidad negativa que tiene el negocio con la actual estructura de costos, incluidos los laborales, Solimeno asegura que \u201clamentablemente, esa es la es la realidad, y no es del a\u00f1o 2025, ya llevamos tres a\u00f1os con este panorama incierto\u201d, asever\u00f3 en declaraciones a <strong>PARTE DE PESCA<\/strong>.<\/p>\n\n\n\n<p><strong>\u201cEl langostino es la punta de iceberg del problema pesquero nacional<\/strong>, es donde est\u00e1 el mayor volumen de facturaci\u00f3n, no en volumen de producci\u00f3n, pero el problema en general es el mismo para todos, en mayor o menor medida\u201d, consider\u00f3 el experimentado empresario pesquero argentino.<\/p>\n\n\n\n<p>\u201cY, en el caso de la merluza pasa exactamente por el mismo escenario. <strong>Tenemos una alta presi\u00f3n tributaria<\/strong>, los impuestos que se van disparando d\u00eda por d\u00eda. <strong>El tema del DUE, no es un tema menor<\/strong>, se ha disparado exponencialmente. En el caso, puntualmente, del calamar no puede ser que aument\u00f3 el 1900%\u201d, cuestion\u00f3.<\/p>\n\n\n\n<p>A eso agreg\u00f3 que \u201clos impuestos siguen creciendo, el tipo de cambio que no var\u00eda y todo se ajusta por IPC o por inflaci\u00f3n, por lo que <strong>estamos teniendo un c\u00f3ctel explosivo\u201d<\/strong>, grafic\u00f3.<\/p>\n\n\n\n<p class=\"has-vivid-cyan-blue-color has-text-color has-link-color wp-elements-71c8076feba636a862e25f1d6ee79625\"><strong>UN AJUSTE DE FLOTA<\/strong><\/p>\n\n\n\n<p>Solimeno profundiz\u00f3 sobre la coyuntura del langostino, con todos los barcos congeladores parados, y consider\u00f3 que se deber\u00e1 hacer un ajuste de flota. \u201cTambi\u00e9n, el tema del langostino se rige con un convenio que tiene diez o veinte a\u00f1os, de cuando se empez\u00f3 con la pesca del marisco, de cuando se pescaban 2000 kg por d\u00eda y hab\u00eda una tripulaci\u00f3n de 18 hombres. Hoy la tripulaci\u00f3n que tenemos es de 30 y los costos que se han disparado\u201d, evalu\u00f3 sobre la problem\u00e1tica.<\/p>\n\n\n\n<figure class=\"wp-block-image size-large\"><a href=\"https:\/\/partedepesca.com.ar\/d\/wp-content\/uploads\/2025\/03\/GRUPO-SOLIMENO-rasmus-effersoe-.jpg\"><img fetchpriority=\"high\" decoding=\"async\" width=\"1024\" height=\"683\" src=\"https:\/\/partedepesca.com.ar\/d\/wp-content\/uploads\/2025\/03\/GRUPO-SOLIMENO-rasmus-effersoe--1024x683.jpg\" alt=\"\" class=\"wp-image-11590\" srcset=\"https:\/\/partedepesca.com.ar\/d\/wp-content\/uploads\/2025\/03\/GRUPO-SOLIMENO-rasmus-effersoe--1024x683.jpg 1024w, https:\/\/partedepesca.com.ar\/d\/wp-content\/uploads\/2025\/03\/GRUPO-SOLIMENO-rasmus-effersoe--300x200.jpg 300w, https:\/\/partedepesca.com.ar\/d\/wp-content\/uploads\/2025\/03\/GRUPO-SOLIMENO-rasmus-effersoe--768x512.jpg 768w, https:\/\/partedepesca.com.ar\/d\/wp-content\/uploads\/2025\/03\/GRUPO-SOLIMENO-rasmus-effersoe--150x100.jpg 150w, https:\/\/partedepesca.com.ar\/d\/wp-content\/uploads\/2025\/03\/GRUPO-SOLIMENO-rasmus-effersoe--450x300.jpg 450w, https:\/\/partedepesca.com.ar\/d\/wp-content\/uploads\/2025\/03\/GRUPO-SOLIMENO-rasmus-effersoe--1200x800.jpg 1200w, https:\/\/partedepesca.com.ar\/d\/wp-content\/uploads\/2025\/03\/GRUPO-SOLIMENO-rasmus-effersoe-.jpg 1240w\" sizes=\"(max-width: 1024px) 100vw, 1024px\" \/><\/a><\/figure>\n\n\n\n<p>Entonces, \u201cah\u00ed tenemos un c\u00f3ctel explosivo y yo considero que todas estas variables se van a tener que ajustar. No solamente tiene que venir un ajuste en el tipo de flota y quiz\u00e1s haya que analizar los costos de los prestadores de servicio\u201d, ampli\u00f3.<\/p>\n\n\n\n<p class=\"has-vivid-cyan-blue-color has-text-color has-link-color wp-elements-f2148e7ca3e4a72721d2375ac87ff03e\"><strong>CR\u00cdTICO CON LA SUBA DEL DUE<\/strong><\/p>\n\n\n\n<p>El empresario pesquero reproch\u00f3 lo actuado por el Consejo Federal Pesquero al modificar conceptualmente la aplicaci\u00f3n del Derecho \u00danico de Extracci\u00f3n (DUE), y la \u2018adecuaci\u00f3n\u2019 efectuada la semana pasada a la que calific\u00f3 de \u201caspirina\u201d.<\/p>\n\n\n\n<p>\u201cTenemos un Estado que cada d\u00eda absorbe m\u00e1s del sector privado. Vamos a ser claros, as\u00ed el negocio no da. Y repito, este no es un problema solamente de tangoneros y langostino, es un problema general de la pesca\u201d, opin\u00f3.<\/p>\n\n\n\n<p>\u201cA m\u00ed me parece una exageraci\u00f3n el aumento del Derecho \u00danico de Extracci\u00f3n; se tiene que pagar por lo que saco del agua. Ahora a m\u00ed me ponen un valor sobre el valor FOB y me lo transforman en unidad de pesca\u201d, discrep\u00f3 al tiempo de mencionar que \u201cahora el Consejo Federal Pesquero hizo una pr\u00f3rroga de que no se va a aumentar, pero es solo una aspirina, no solucionaron el problema de fondo\u201d, dijo enf\u00e1tico.<\/p>\n\n\n\n<p class=\"has-vivid-cyan-blue-color has-text-color has-link-color wp-elements-21f35e3ec1f848ee6ed6abe070b56d5d\"><strong>\u201cTENEMOS QUE LLEGAR A UN ACUERDO\u201d<\/strong><\/p>\n\n\n\n<p>Volviendo a la cuesti\u00f3n del langostino y la flota parada, admite que los valores de referencia con el que se liquida producci\u00f3n en los congeladores tangoneros \u201cest\u00e1n desfasados de la realidad\u201d. \u201cHoy los mercados no dan m\u00e1s. Llevamos tres a\u00f1os de ca\u00edda, y las cuentas no est\u00e1n dando\u201d, reiter\u00f3.<\/p>\n\n\n\n<p>En este contexto, consider\u00f3 que \u201cel SOMU, maquinistas, capitanes, todos se tienen que sentar en una mesa y hay que buscar una variable. Algo habr\u00e1 que pensar, habr\u00e1 que hacer un poquito la imaginaci\u00f3n y tenemos que tratar de llegar a un acuerdo\u201d.<\/p>\n\n\n\n<p>\u201cEst\u00e1 claro que en estas condiciones las empresas prefieren el barco en el muelle, porque si no es salir a perder plata. Adem\u00e1s, los mercados no est\u00e1n teniendo una mayor demanda\u201d, explic\u00f3 \u2018Tony\u2019 Solimeno.<\/p>\n\n\n\n<p>Consultado sobre la l\u00f3gica de los sindicatos que niegan la crisis y sostienen que no hay empresas concursadas ni en situaci\u00f3n de quiebra, Solimeno se pregunt\u00f3: \u201c\u00bfQu\u00e9 estamos esperando que la sangre llegue al r\u00edo? Entonces, quiere decir que, \u00bftenemos que quebrar para ver c\u00f3mo arreglamos el problema? Me parece que debemos actuar antes de llegar al precipicio\u201d, sugiri\u00f3 mientras insisti\u00f3 en que \u201chabr\u00e1 que sentarse y ver qu\u00e9 se puede acordar. Vamos a tener que ceder un poco de cada lado si queremos trabajar\u201d, concluy\u00f3.<\/p>\n","protected":false},"excerpt":{"rendered":"<p>El empresario marplatense Antonio Solimeno analiza con crudeza el contexto actual de la industria pesquera argentina y advierte sobre la necesidad de comprender la magnitud de la crisis del sector. Inst\u00f3 a que los sindicatos y las empresas se sienten a una mesa a discutir costos, sincerando los n\u00fameros. \u201c\u00bfQu\u00e9 estamos esperando que la sangre<\/p>\n","protected":false},"author":3,"featured_media":11591,"comment_status":"open","ping_status":"open","sticky":false,"template":"","format":"standard","meta":{"om_disable_all_campaigns":false,"_monsterinsights_skip_tracking":false,"_monsterinsights_sitenote_active":false,"_monsterinsights_sitenote_note":"","_monsterinsights_sitenote_category":0,"footnotes":""},"categories":[9],"tags":[665,1638,751,91,2080,152,2079],"class_list":{"0":"post-11589","1":"post","2":"type-post","3":"status-publish","4":"format-standard","5":"has-post-thumbnail","7":"category-actualidad","8":"tag-antonio-solimeno","9":"tag-congeladores","10":"tag-crisis-pesquera","11":"tag-featured","12":"tag-grupo-solimeno","13":"tag-langostino","14":"tag-tony-solimeno"},"aioseo_notices":[],"amp_enabled":true,"_links":{"self":[{"href":"https:\/\/partedepesca.com.ar\/d\/wp-json\/wp\/v2\/posts\/11589","targetHints":{"allow":["GET"]}}],"collection":[{"href":"https:\/\/partedepesca.com.ar\/d\/wp-json\/wp\/v2\/posts"}],"about":[{"href":"https:\/\/partedepesca.com.ar\/d\/wp-json\/wp\/v2\/types\/post"}],"author":[{"embeddable":true,"href":"https:\/\/partedepesca.com.ar\/d\/wp-json\/wp\/v2\/users\/3"}],"replies":[{"embeddable":true,"href":"https:\/\/partedepesca.com.ar\/d\/wp-json\/wp\/v2\/comments?post=11589"}],"version-history":[{"count":5,"href":"https:\/\/partedepesca.com.ar\/d\/wp-json\/wp\/v2\/posts\/11589\/revisions"}],"predecessor-version":[{"id":11597,"href":"https:\/\/partedepesca.com.ar\/d\/wp-json\/wp\/v2\/posts\/11589\/revisions\/11597"}],"wp:featuredmedia":[{"embeddable":true,"href":"https:\/\/partedepesca.com.ar\/d\/wp-json\/wp\/v2\/media\/11591"}],"wp:attachment":[{"href":"https:\/\/partedepesca.com.ar\/d\/wp-json\/wp\/v2\/media?parent=11589"}],"wp:term":[{"taxonomy":"category","embeddable":true,"href":"https:\/\/partedepesca.com.ar\/d\/wp-json\/wp\/v2\/categories?post=11589"},{"taxonomy":"post_tag","embeddable":true,"href":"https:\/\/partedepesca.com.ar\/d\/wp-json\/wp\/v2\/tags?post=11589"}],"curies":[{"name":"wp","href":"https:\/\/api.w.org\/{rel}","templated":true}]}}