{"id":11576,"date":"2025-03-29T19:51:06","date_gmt":"2025-03-29T19:51:06","guid":{"rendered":"https:\/\/partedepesca.com.ar\/d\/?p=11576"},"modified":"2025-03-31T11:40:10","modified_gmt":"2025-03-31T11:40:10","slug":"fac-marineros-y-maquinistas-no-se-dejen-utilizar-pues-les-aseguro-que-se-van-a-arrepentir","status":"publish","type":"post","link":"https:\/\/partedepesca.com.ar\/d\/fac-marineros-y-maquinistas-no-se-dejen-utilizar-pues-les-aseguro-que-se-van-a-arrepentir\/","title":{"rendered":"FAC: \u201cMarineros y maquinistas no se dejen utilizar pues les aseguro que se van a arrepentir\u201d"},"content":{"rendered":"\n<p>El presidente de Conarpesa, <strong>Fernando \u00c1lvarez Castellano<\/strong>, sali\u00f3 a cruzar a marineros y maquinistas navales que lo cuestionaron y satirizaron en redes sociales. En un duro comunicado respondi\u00f3, este s\u00e1bado, a dirigentes sindicales y ratific\u00f3 que en las actuales condiciones no sacar\u00e1 a la pesca a los barcos congeladores tangoneros, al tiempo de defender la decisi\u00f3n de sacar la flota fresquera de altura a aguas nacionales.<\/p>\n\n\n\n<p><strong>\u201c\u00bfSe puede negociar con matones como ustedes?\u201d,<\/strong> se pregunt\u00f3 el empresario pesquero que se encuentra convaleciente, recuper\u00e1ndose de recientes intervenciones quir\u00fargicas, pero atento a lo que acontece en el sector. &nbsp;<\/p>\n\n\n\n<p>\u201cSe\u00f1ores marineros y maquinistas, s\u00e1quense la venda de sus ojos y no se dejen utilizar pues les aseguro que se van a arrepentir! <strong>No pueden ser representados por unos dirigentes que miran sus negocios y cobran todos los meses a costa de ustedes<\/strong>, pesquen o no pesquen y que ni si quiera se sienten a evaluar, discutir, argumentar propuestas con las c\u00e1maras! <strong>Para ellos no es no, para m\u00ed si es si!\u201d<\/strong>, asever\u00f3 el presidente de Conarpesa.<\/p>\n\n\n\n<p>En tanto, anticip\u00f3 que ante la negativa cerrada del SOMU de sentarse a negociar con los n\u00fameros de la estructura de costos,<strong> en breve ventilar\u00e1 datos concretos sobre los costos laborales y los valores que cobran los tripulantes.<\/strong><\/p>\n\n\n\n<p>Y, los desafi\u00f3: <strong>\u201cSi no les gusta vengan por m\u00ed! Les espero\u201d<\/strong>.<\/p>\n\n\n\n<p><strong>COMUNICADO COMPLETO TEXTUAL:<\/strong><\/p>\n\n\n\n<p>Primero quiero mostrar las fotos que est\u00e1n viralizando mis \u201cmis amigos\u201d del SOMU y SICONARA! Obviamente , las conducciones regionales y nacionales!<\/p>\n\n\n\n<p>As\u00ed me quieren ver\u2026.<\/p>\n\n\n\n<figure class=\"wp-block-image size-large\"><a href=\"https:\/\/partedepesca.com.ar\/d\/wp-content\/uploads\/2025\/03\/MEMES-FAC.jpg\"><img fetchpriority=\"high\" decoding=\"async\" width=\"1024\" height=\"399\" src=\"https:\/\/partedepesca.com.ar\/d\/wp-content\/uploads\/2025\/03\/MEMES-FAC-1024x399.jpg\" alt=\"\" class=\"wp-image-11577\" srcset=\"https:\/\/partedepesca.com.ar\/d\/wp-content\/uploads\/2025\/03\/MEMES-FAC-1024x399.jpg 1024w, https:\/\/partedepesca.com.ar\/d\/wp-content\/uploads\/2025\/03\/MEMES-FAC-300x117.jpg 300w, https:\/\/partedepesca.com.ar\/d\/wp-content\/uploads\/2025\/03\/MEMES-FAC-768x299.jpg 768w, https:\/\/partedepesca.com.ar\/d\/wp-content\/uploads\/2025\/03\/MEMES-FAC-150x58.jpg 150w, https:\/\/partedepesca.com.ar\/d\/wp-content\/uploads\/2025\/03\/MEMES-FAC-450x175.jpg 450w, https:\/\/partedepesca.com.ar\/d\/wp-content\/uploads\/2025\/03\/MEMES-FAC-1200x467.jpg 1200w, https:\/\/partedepesca.com.ar\/d\/wp-content\/uploads\/2025\/03\/MEMES-FAC.jpg 1500w\" sizes=\"(max-width: 1024px) 100vw, 1024px\" \/><\/a><\/figure>\n\n\n\n<p>La verdad que muy bien hechas! <strong>Las guardo como emoticones m\u00edos personales para ir a negociar<\/strong>. Aunque yo luzco as\u00ed (foto principal) el pasado 28 de febrero con motivo de la botadura del nuevo buque tangonero y de paso celebrando mi cumplea\u00f1os !<\/p>\n\n\n\n<p>Nuevo buque que llevar\u00e1 el nombre de mi querido padre don Juan \u00c1lvarez pionero en argentina en la pesca y venta en los mercados internacionales del langostino argentino en sustituci\u00f3n del buque uchi de 61 a\u00f1os que ya dio lo suyo y le toca dejar el lugar! El don Juan \u00c1lvarez les asegur\u00f3 que con el esfuerzo de mi gente lo llevaremos a ser el barco m\u00e1s pescador de la flota!<\/p>\n\n\n\n<p>Por alusiones en una nota en el portal \u201cMar y pesca noticias patag\u00f3nicas\u201d, pas\u00f3 a contestar a unos representantes del SOMU o m\u00e1s bien, de sus negocios personales a costa de la gente trabajadora que se rompe el lomo arriba de los barcos tangoneros!<\/p>\n\n\n\n<p>Al \u201cSe\u00f1or\u201d MARCELO FLORES, yo no soy responsable de ning\u00fan conflicto pues, no estuve ni estar\u00e9 presente en ninguna negociaci\u00f3n con los sindicatos, no mientas si no sabes, ignorante!. Estuve en el anterior gran conflicto y me cost\u00f3 la enemistad con el se\u00f1or Liberman (por suerte, ex subsecretario de pesca nacional, denunciado penalmente en Comodoro Py por m\u00ed con varias imputaciones) pues se la tom\u00f3 conmigo por influir en la decisi\u00f3n colectiva!<\/p>\n\n\n\n<p>Obvio, voy a acompa\u00f1ar a mis colegas y si veo l\u00f3gico lo que acuerdan lo firmar\u00e9 y si no lo veo l\u00f3gico, (con estas actitudes pat\u00e9ticas no s\u00e9 con qu\u00e9 ojos mirarlos, no saldr\u00e9 a pescar!).<\/p>\n\n\n\n<p>Saqu\u00e9 los fresqueros al 41 porque el convenio es diferente y tienen derecho a trabajar, as\u00ed como las 600 personas que tenemos en las plantas, la estiba, proveedores mar\u00edtimos, comercios etc etc, o sea ayudar a mi querido Chubut que dio todo!.<\/p>\n\n\n\n<p>Si no salen los dem\u00e1s es porque hoy ni a los fresqueros les dan los n\u00fameros o ustedes piensan que mis colegas son idiotas? Lo que pasa que no todos pueden salir a Perder dinero!.<\/p>\n\n\n\n<p>En referencia a tus est\u00fapidos e ignorantes comentarios sobre explotaci\u00f3n laboral arriba y abajo de los barcos, te hago notar que hace unos a\u00f1os el se\u00f1or TITO VALENZUELA (mat\u00f3n de esquinas como Pedro navaja dec\u00eda). Representante del SOMU CHUBUT (ex-empleado m\u00edo &#x1f64f;&#x1f3fb;&#x1f64f;&#x1f3fb;&#x1f64f;&#x1f3fb;&#x1f64f;&#x1f3fb;&#x1f37e;&#x1f37e;&#x1f37e;&#x1f37e;&#x1f37e;) en una radio local dijo lo mismo! Lo denuncie penalmente, fue diciendo que iba a ir con 20 testigos (ser\u00edan sus secuaces pagados con los aportes de la gente trabajadora) finalmente lo sobreseyeron, sabes porque ignorante???? Porque cuando el juez le pregunt\u00f3 si el hizo esas declaraciones radiales, contest\u00f3 que el no llam\u00f3! (cag\u00f3n).<\/p>\n\n\n\n<p>Si hubiera sido verdad, yo muero con ella, pero el macho (VALENZUELA) que va diciendo ahora por Puerto Madryn que va a cagar a Conarpesa siempre que pueda (se ve que est\u00e1 despechado por cagarse ante el juez y la audiencia presente en el juicio) a la hora de la verdad lo que hace es ir a pegar y patotear a mis empleados ! Cobarde!<\/p>\n\n\n\n<p>Ese tipo o tipos como t\u00fa representan a la gente trabajadora! Cagame a mi y no a la empresa! <strong>\u00bfSe puede negociar con matones como ustedes?<\/strong><\/p>\n\n\n\n<p>Yo hice un barco nuevo para sustituir un barco de 61 a\u00f1os, como yo, as\u00ed como <strong>estoy a punto de botar dos barcos nuevos en mar del plata para sustituir dos muy viejos de Rawson y dar m\u00e1s seguridad y comodidad a mis queridos empleados porque yo estuve embarcado en uno y trabajando con mi gente y me di cuenta que hay que darles m\u00e1s calidad de trabajo y confort y son los dos primeros de 8 que voy a hacer en total! IGNORANTES.<\/strong><\/p>\n\n\n\n<p>Se\u00f1ores marineros y maquinistas, s\u00e1quense la venda de sus ojos y <strong>no se dejen utilizar pues les aseguro que se van a arrepentir! <\/strong>No pueden ser representados por unos dirigentes que miran sus negocios y cobran todos los meses a costa de ustedes, pesquen o no pesquen y que ni si quiera se sienten a evaluar, discutir, argumentar propuestas con las c\u00e1maras! Para ellos no es no, para mi si es si!<\/p>\n\n\n\n<p><strong>Igual volver\u00e9 con n\u00fameros para mostrarles lo que ellos no quieren!<\/strong><\/p>\n\n\n\n<p>Ah!! ya se les acab\u00f3 el recurso de ir a Liberman a que nos saquen los permisos sino aceptamos sus condiciones? Ahora qui\u00e9n es el inventor del look out patronal? Si uno pierde dinero y no sale es look out patronal? Mierda que cambi\u00f3 el derecho en estos a\u00f1os !!<\/p>\n\n\n\n<p>Ah\u00ed tienen para contestarme, <strong>soy FERNANDO \u00c1LVAREZ de pu\u00f1o y letra <\/strong>desde mi tel\u00e9fono! Si no les gusta vengan por mi! Les espero!!!!!<\/p>\n","protected":false},"excerpt":{"rendered":"<p>El presidente de Conarpesa, Fernando \u00c1lvarez Castellano, sali\u00f3 a cruzar a marineros y maquinistas navales que lo cuestionaron y satirizaron en redes sociales. En un duro comunicado respondi\u00f3, este s\u00e1bado, a dirigentes sindicales y ratific\u00f3 que en las actuales condiciones no sacar\u00e1 a la pesca a los barcos congeladores tangoneros, al tiempo de defender la<\/p>\n","protected":false},"author":4,"featured_media":11578,"comment_status":"open","ping_status":"open","sticky":false,"template":"","format":"standard","meta":{"om_disable_all_campaigns":false,"_monsterinsights_skip_tracking":false,"_monsterinsights_sitenote_active":false,"_monsterinsights_sitenote_note":"","_monsterinsights_sitenote_category":0,"footnotes":""},"categories":[9],"tags":[251,1638,91,292,152,1687,177,179],"class_list":{"0":"post-11576","1":"post","2":"type-post","3":"status-publish","4":"format-standard","5":"has-post-thumbnail","7":"category-actualidad","8":"tag-conarpesa","9":"tag-congeladores","10":"tag-featured","11":"tag-fernando-alvarez-castellano","12":"tag-langostino","13":"tag-salarios","14":"tag-siconara","15":"tag-somu"},"aioseo_notices":[],"amp_enabled":true,"_links":{"self":[{"href":"https:\/\/partedepesca.com.ar\/d\/wp-json\/wp\/v2\/posts\/11576","targetHints":{"allow":["GET"]}}],"collection":[{"href":"https:\/\/partedepesca.com.ar\/d\/wp-json\/wp\/v2\/posts"}],"about":[{"href":"https:\/\/partedepesca.com.ar\/d\/wp-json\/wp\/v2\/types\/post"}],"author":[{"embeddable":true,"href":"https:\/\/partedepesca.com.ar\/d\/wp-json\/wp\/v2\/users\/4"}],"replies":[{"embeddable":true,"href":"https:\/\/partedepesca.com.ar\/d\/wp-json\/wp\/v2\/comments?post=11576"}],"version-history":[{"count":2,"href":"https:\/\/partedepesca.com.ar\/d\/wp-json\/wp\/v2\/posts\/11576\/revisions"}],"predecessor-version":[{"id":11580,"href":"https:\/\/partedepesca.com.ar\/d\/wp-json\/wp\/v2\/posts\/11576\/revisions\/11580"}],"wp:featuredmedia":[{"embeddable":true,"href":"https:\/\/partedepesca.com.ar\/d\/wp-json\/wp\/v2\/media\/11578"}],"wp:attachment":[{"href":"https:\/\/partedepesca.com.ar\/d\/wp-json\/wp\/v2\/media?parent=11576"}],"wp:term":[{"taxonomy":"category","embeddable":true,"href":"https:\/\/partedepesca.com.ar\/d\/wp-json\/wp\/v2\/categories?post=11576"},{"taxonomy":"post_tag","embeddable":true,"href":"https:\/\/partedepesca.com.ar\/d\/wp-json\/wp\/v2\/tags?post=11576"}],"curies":[{"name":"wp","href":"https:\/\/api.w.org\/{rel}","templated":true}]}}