{"id":11448,"date":"2025-03-17T10:54:38","date_gmt":"2025-03-17T10:54:38","guid":{"rendered":"https:\/\/partedepesca.com.ar\/d\/?p=11448"},"modified":"2025-03-17T10:55:25","modified_gmt":"2025-03-17T10:55:25","slug":"conarpesa-suspende-la-temporada-por-las-amenazas-del-somu","status":"publish","type":"post","link":"https:\/\/partedepesca.com.ar\/d\/conarpesa-suspende-la-temporada-por-las-amenazas-del-somu\/","title":{"rendered":"\u201cConarpesa suspende la temporada por las amenazas del SOMU\u201d"},"content":{"rendered":"\n<p>El presidente de Conarpesa, <strong>Fernando \u00c1lvarez Castellano<\/strong>, anunci\u00f3 que la compa\u00f1\u00eda suspendi\u00f3 el inicio de la temporada de pesca de langostino en aguas nacionales y orden\u00f3 que todas las tripulaciones regresen a sus casas, y responsabiliz\u00f3 a la conducci\u00f3n del SOMU. <strong>\u201cNo voy a aceptar amenazas de nadie, ni apretadas, ni patoteadas\u201d<\/strong>, asever\u00f3 el empresario hispano argentino.<\/p>\n\n\n\n<p>\u201cYa ten\u00edamos gente en Puerto Rosales armando los tangoneros, porque hab\u00edan estado con reparaciones, pero bueno, empez\u00f3 a denunciarnos el SOMU, diciendo que quer\u00edamos pagar menos, que quer\u00edamos alterar la paz social. Nos empezaron a amenazar, que nos iban a quemar los barcos, cualquier cosa. As\u00ed que tom\u00e9 la decisi\u00f3n, llam\u00e9 al jefe de personal, que mande a toda la gente a casa\u201d, cont\u00f3 \u00c1lvarez Castellano a <strong>PARTE DE PESCA<\/strong>.<\/p>\n\n\n\n<p>Y agreg\u00f3: \u201cConarpesa no va a hacer la temporada, porque el SOMU me est\u00e1 amenazando. No voy a aceptar amenazas de nadie, ni apretadas, ni patoteadas\u201d. En tanto, advirti\u00f3 que <strong>si el personal est\u00e1 dispuesto a negociar en forma particular con la empresa por fuera del sindicato, la empresa est\u00e1 predispuesta a llegar a un acuerdo y salir a pescar<\/strong> para que ning\u00fan marinero pierda un mes de trabajo.<\/p>\n\n\n\n<p>En tanto, record\u00f3 el reciente conflicto que la empresa mantuvo con el sindicato al impedirle salir a pescar por una fiesta lo que oblig\u00f3 a terminar anticipadamente la zafra para esos barcos y sus tripulaciones. <strong>\u201cLos \u00fanicos que alteran la paz social son ellos<\/strong>, con lo que me hicieron a m\u00ed en Rawson, estando la gente embarcada para salir y fueron a patotearles para que no salieran y la gente no sali\u00f3 y se quedaron todos sin poder acabar la temporada y los barcos parados\u201d, describi\u00f3. Entonces, \u201cno voy a volver a embarcar a toda la gente y cuando vayan a salir que vengan a patotearme a la gente para que no salga\u201d.<\/p>\n\n\n\n<p class=\"has-vivid-cyan-blue-color has-text-color has-link-color wp-elements-244db538b4563c275725dd72f898bc82\"><strong>\u201cQUIEREN VER QUI\u00c9N ES M\u00c1S MACHO\u201d<\/strong><\/p>\n\n\n\n<p>Fernando \u00c1lvarez precis\u00f3 que, en estas circunstancias, \u201cla decisi\u00f3n de la empresa es mandar a todo el mundo a casa, no sacar la flota congeladora parar no hacer la temporada y que queden todos los barcos parados, porque yo no quiero que sea luego se\u00f1alado de que he alterado la paz social\u201d.<\/p>\n\n\n\n<p>\u201cSi la dirigencia del SOMU tiene un problema porque est\u00e1n de elecciones, y quieren ver qui\u00e9n es m\u00e1s macho, que lo arreglen entre ellos, pero no contra nosotros\u201d, asever\u00f3 al criticar a la conducci\u00f3n que lidera Ra\u00fal Durdos y Juan Navarro.<\/p>\n\n\n\n<figure class=\"wp-block-image size-large\"><a href=\"https:\/\/partedepesca.com.ar\/d\/wp-content\/uploads\/2025\/03\/Fernando-Alvarez-Castellano-presidente-de-Conarpesa.jpg\"><img fetchpriority=\"high\" decoding=\"async\" width=\"1024\" height=\"683\" src=\"https:\/\/partedepesca.com.ar\/d\/wp-content\/uploads\/2025\/03\/Fernando-Alvarez-Castellano-presidente-de-Conarpesa-1024x683.jpg\" alt=\"\" class=\"wp-image-11359\" srcset=\"https:\/\/partedepesca.com.ar\/d\/wp-content\/uploads\/2025\/03\/Fernando-Alvarez-Castellano-presidente-de-Conarpesa-1024x683.jpg 1024w, https:\/\/partedepesca.com.ar\/d\/wp-content\/uploads\/2025\/03\/Fernando-Alvarez-Castellano-presidente-de-Conarpesa-300x200.jpg 300w, https:\/\/partedepesca.com.ar\/d\/wp-content\/uploads\/2025\/03\/Fernando-Alvarez-Castellano-presidente-de-Conarpesa-768x512.jpg 768w, https:\/\/partedepesca.com.ar\/d\/wp-content\/uploads\/2025\/03\/Fernando-Alvarez-Castellano-presidente-de-Conarpesa-1536x1024.jpg 1536w, https:\/\/partedepesca.com.ar\/d\/wp-content\/uploads\/2025\/03\/Fernando-Alvarez-Castellano-presidente-de-Conarpesa-150x100.jpg 150w, https:\/\/partedepesca.com.ar\/d\/wp-content\/uploads\/2025\/03\/Fernando-Alvarez-Castellano-presidente-de-Conarpesa-450x300.jpg 450w, https:\/\/partedepesca.com.ar\/d\/wp-content\/uploads\/2025\/03\/Fernando-Alvarez-Castellano-presidente-de-Conarpesa-1200x800.jpg 1200w, https:\/\/partedepesca.com.ar\/d\/wp-content\/uploads\/2025\/03\/Fernando-Alvarez-Castellano-presidente-de-Conarpesa.jpg 1920w\" sizes=\"(max-width: 1024px) 100vw, 1024px\" \/><\/a><\/figure>\n\n\n\n<p>El titular de Conarpesa considera que \u201cquieren acusarme de que yo hago un \u2018lockout patronal\u2019, cuando en realidad son ellos los que me est\u00e1n amenazando si armo los barcos. Luego los que sufren las consecuencias son la gente, porque yo los bajo, porque no quieren salir. Les he dicho muchas veces a la gente que su trabajo se lo cuidan ellos, yo no se lo voy a cuidar. Yo les doy la posibilidad, pero si luego llega el SOMU, les patotea y se bajan de los barcos, entonces, que le vayan a reclamar al SOMU\u201d, sugiri\u00f3 a los tripulantes de sus buques congeladores tangoneros.<\/p>\n\n\n\n<p class=\"has-vivid-cyan-blue-color has-text-color has-link-color wp-elements-7847a0d60c3b0f3b9ba59220537f9b1f\"><strong>SALEN LOS FRESQUEROS<\/strong><\/p>\n\n\n\n<p>\u00c1lvarez Castellano adelant\u00f3 que su flota fresquera de altura iniciar\u00e1 operaciones en aguas nacionales, pero avis\u00f3 que ante el menor escollo que ponga el sindicato, bajar\u00e1 a todos marineros y se quedar\u00e1n sin trabajo.<\/p>\n\n\n\n<p><strong>\u201cNo quiero ser responsable de ning\u00fan conflicto<\/strong>, ya tuvimos uno muy grande hace unos a\u00f1os y esta vez a m\u00ed no me van a agarrar\u201d, manifest\u00f3. \u201cCuando est\u00e9n todos de acuerdo, ah\u00ed ver\u00e9 si me interesa o no salir y si los n\u00fameros me dan para salir o no. Hoy, Conarpesa da por suspendida la temporada para los congeladores tangoneros. Los fresqueros de altura tienen otro tipo de convenio y esos si lo voy a sacar, pero si me patotean los paro inmediatamente\u201d, anticip\u00f3 el empresario. <strong>\u201cA la primera que me digan algo, mando a toda la gente a su casa y les digo vayan al sindicato y arr\u00e9glense\u201d<\/strong>.<\/p>\n\n\n\n<p class=\"has-vivid-cyan-blue-color has-text-color has-link-color wp-elements-f8a8289373386bd5b6a0cc9c5250017a\"><strong>\u201cCADA D\u00cdA PARADO, LA GENTE PIERDE DINERO\u201d<\/strong><\/p>\n\n\n\n<p>La experiencia de recientes conflictos ha demostrado que lo que se pierde de pescar no se recupera despu\u00e9s. <strong>\u201cA partir del lunes, cada d\u00eda, la gente est\u00e1 dejando de ganar dinero.<\/strong> A m\u00ed no me pasa nada porque lo que dejo es de perder dinero d\u00eda a d\u00eda\u201d, compar\u00f3 \u00c1lvarez. \u201cPero que quede muy claro, que no me vengan a acusar a m\u00ed de que estoy haciendo un lockout patronal, sino que lo \u00fanico que estoy haciendo es intentar evitar, lo que ellos quieren, que es que se altere la paz social y que haya quilombo\u201d, reproch\u00f3.<\/p>\n\n\n\n<p>Asimismo, diferenci\u00f3 el accionar y actitud de otros sectores sindicales. \u201cHay negociaciones, hay di\u00e1logo, Conductores y Capitanes son mucho m\u00e1s razonables, pero el problema es que hay una interna sindical del SOMU por un tema de elecciones y nos quieren utilizar. Conarpesa no va a entrar en esa interna. Solamente, <strong>si viene la gente a decirnos, nosotros queremos llegar a un arreglo con ustedes, nos sentaremos y buscamos una salida<\/strong>, pero mientras que el SOMU est\u00e9 con actitudes patoteras y la gente no sea capaz de ir en contra de esas actitudes patoteras, los barcos se quedan parados\u201d, ratific\u00f3.<\/p>\n\n\n\n<p class=\"has-vivid-cyan-blue-color has-text-color has-link-color wp-elements-5dc25b3c3cef95d8f9e7eb5ac4a24dad\"><strong>POSIBLES ACUERDOS EXTRA SINDICALES<\/strong><\/p>\n\n\n\n<p>El presidente de Conarpesa dej\u00f3 abierta la posibilidad que se pueda llegar a acuerdos por afuera de las estructuras sindicales, lo que permitir\u00eda que los barcos salgan a la pesca.<\/p>\n\n\n\n<p><strong>\u201cNadie est\u00e1 obligado a tener que llegar a un acuerdo a trav\u00e9s del sindicato,<\/strong> lo que pasa que, en la pesca, desgraciadamente, con el SOMU se ha tenido que llegar a trav\u00e9s del sindicato, porque si no el SOMU los patotea, esa es la historia de siempre. <strong>Llevo 30 a\u00f1os ac\u00e1 con la misma historia, 30 a\u00f1os. La primera vez que se lleg\u00f3 a un acuerdo r\u00e1pido y razonable fue en Rawson\u201d<\/strong>, record\u00f3 respecto a lo ocurrido el a\u00f1o pasado con la flota amarilla lo que permiti\u00f3 iniciar la temporada de Chubut en forma anticipada y desarrollarla sin conflictividad.<\/p>\n\n\n\n<p class=\"has-vivid-cyan-blue-color has-text-color has-link-color wp-elements-d78210615370852ce660f2d6acd12719\"><strong>\u201cVAMOS A TERMINAR CON LA MAFIA\u201d<\/strong><\/p>\n\n\n\n<p>Finalmente, \u00c1lvarez Castellano sostuvo: \u201cEllos dicen que yo estoy en guerra. Yo no estoy en guerra con nadie. Lo que no me aguanto m\u00e1s son los patoteos\u201d, asever\u00f3.<\/p>\n\n\n\n<p>\u201cQue a m\u00ed nadie me acuse un lockout patronal, sino que yo estoy parando porque me est\u00e1n amenazando de tomar medidas contra m\u00ed, mis barcos y mi gente. <strong>Ya acabamos con la historia y la mafia de Rawson. Vamos a ver si acabamos con la historia y la mafia de los tangoneros\u201d<\/strong>, concluy\u00f3.<\/p>\n","protected":false},"excerpt":{"rendered":"<p>El presidente de Conarpesa, Fernando \u00c1lvarez Castellano, anunci\u00f3 que la compa\u00f1\u00eda suspendi\u00f3 el inicio de la temporada de pesca de langostino en aguas nacionales y orden\u00f3 que todas las tripulaciones regresen a sus casas, y responsabiliz\u00f3 a la conducci\u00f3n del SOMU. \u201cNo voy a aceptar amenazas de nadie, ni apretadas, ni patoteadas\u201d, asever\u00f3 el empresario<\/p>\n","protected":false},"author":3,"featured_media":11261,"comment_status":"open","ping_status":"open","sticky":false,"template":"","format":"standard","meta":{"om_disable_all_campaigns":false,"_monsterinsights_skip_tracking":false,"_monsterinsights_sitenote_active":false,"_monsterinsights_sitenote_note":"","_monsterinsights_sitenote_category":0,"footnotes":""},"categories":[9,10],"tags":[237,251,1638,91,292,152],"class_list":{"0":"post-11448","1":"post","2":"type-post","3":"status-publish","4":"format-standard","5":"has-post-thumbnail","7":"category-actualidad","8":"category-featured","9":"tag-aguas-nacionales","10":"tag-conarpesa","11":"tag-congeladores","12":"tag-featured","13":"tag-fernando-alvarez-castellano","14":"tag-langostino"},"aioseo_notices":[],"amp_enabled":true,"_links":{"self":[{"href":"https:\/\/partedepesca.com.ar\/d\/wp-json\/wp\/v2\/posts\/11448","targetHints":{"allow":["GET"]}}],"collection":[{"href":"https:\/\/partedepesca.com.ar\/d\/wp-json\/wp\/v2\/posts"}],"about":[{"href":"https:\/\/partedepesca.com.ar\/d\/wp-json\/wp\/v2\/types\/post"}],"author":[{"embeddable":true,"href":"https:\/\/partedepesca.com.ar\/d\/wp-json\/wp\/v2\/users\/3"}],"replies":[{"embeddable":true,"href":"https:\/\/partedepesca.com.ar\/d\/wp-json\/wp\/v2\/comments?post=11448"}],"version-history":[{"count":1,"href":"https:\/\/partedepesca.com.ar\/d\/wp-json\/wp\/v2\/posts\/11448\/revisions"}],"predecessor-version":[{"id":11449,"href":"https:\/\/partedepesca.com.ar\/d\/wp-json\/wp\/v2\/posts\/11448\/revisions\/11449"}],"wp:featuredmedia":[{"embeddable":true,"href":"https:\/\/partedepesca.com.ar\/d\/wp-json\/wp\/v2\/media\/11261"}],"wp:attachment":[{"href":"https:\/\/partedepesca.com.ar\/d\/wp-json\/wp\/v2\/media?parent=11448"}],"wp:term":[{"taxonomy":"category","embeddable":true,"href":"https:\/\/partedepesca.com.ar\/d\/wp-json\/wp\/v2\/categories?post=11448"},{"taxonomy":"post_tag","embeddable":true,"href":"https:\/\/partedepesca.com.ar\/d\/wp-json\/wp\/v2\/tags?post=11448"}],"curies":[{"name":"wp","href":"https:\/\/api.w.org\/{rel}","templated":true}]}}