{"id":11293,"date":"2025-02-25T09:05:29","date_gmt":"2025-02-25T09:05:29","guid":{"rendered":"https:\/\/partedepesca.com.ar\/d\/?p=11293"},"modified":"2025-02-26T10:14:01","modified_gmt":"2025-02-26T10:14:01","slug":"sector-pesquero-europeo-pide-integrar-organismo-que-definira-el-futuro-de-la-alimentacion-de-la-ue","status":"publish","type":"post","link":"https:\/\/partedepesca.com.ar\/d\/sector-pesquero-europeo-pide-integrar-organismo-que-definira-el-futuro-de-la-alimentacion-de-la-ue\/","title":{"rendered":"Sector pesquero europeo pide integrar organismo que definir\u00e1 el futuro de la alimentaci\u00f3n de la UE"},"content":{"rendered":"\n<p>El sector pesquero europeo, representado por Europ\u00eache y del que forma parte la espa\u00f1ola Cepesca, mantendr\u00e1 su solicitud a la Comisi\u00f3n Europea (CE) de incluir a los pescadores como miembros destacados del Consejo Europeo de Agricultura y Alimentaci\u00f3n (EBAF por sus siglas en ingl\u00e9s), organismo que se encargar\u00e1 de asesorar y recomendar a la Comisi\u00f3n Europea en la toma de decisiones estrat\u00e9gicas sobre el futuro de la alimentaci\u00f3n en el Viejo Continente.<\/p>\n\n\n\n<p>El sector pesquero estuvo presente en el acto de presentaci\u00f3n del documento \u201cVisi\u00f3n Europea para la Agricultura y la Alimentaci\u00f3n\u201d que corri\u00f3 a cargo del comisario de Agricultura y Alimentaci\u00f3n de la Uni\u00f3n Europea, Christophe Hansen, y el cual fue invitado por el ministro Planas. \u201cEl sector reconoce los esfuerzos de la CE para garantizar un futuro competitivo, resiliente y sostenible para la agricultura y la producci\u00f3n alimentaria europeas, pero lamenta el escaso peso que tienen los productos pesqueros en este documento y que no se reconozca el papel vital de la pesca en la autonom\u00eda alimentaria de la UE\u201d, indicaron en tono cr\u00edtico.<\/p>\n\n\n\n<p>En este marco, el sector reclama que se incluya a la pesca en las reformas pol\u00edticas propuestas en la hoja de ruta y Javier Garat, secretario general de Cepesca y presidente de la patronal europea Europ\u00eache, ha solicitado a Planas su apoyo con este objetivo. \u201cNo tiene sentido alguno \u2013apunta Garat\u2013, que Europa no tenga suficientemente en cuenta a su pesca al abordar el futuro estrat\u00e9gico de la alimentaci\u00f3n europea teniendo en cuenta la riqueza y calidad de las prote\u00ednas provenientes del mar, la baja huella de carbono que implica llevarla hasta los platos de los europeos y los miles de puestos de trabajo y comunidades costeras que dependen directamente de la actividad pesquera\u201d.<\/p>\n\n\n\n<p>La \u201cVisi\u00f3n Europea para la Agricultura y la Alimentaci\u00f3n\u201d, que fue presentada el pasado 19 de febrero en Bruselas, sienta las bases, seg\u00fan apunta el propio documento, para un sistema agroalimentario \u201catractivo, competitivo, resiliente, orientado a futuro y justo para las generaciones actuales y futuras de agricultores y operadores agroalimentarios\u201d. Estos objetivos, seg\u00fan ha manifestado Garat, coinciden con los del sector pesquero, \u201cpor lo que ser\u00eda de recibo aunar presencias y esfuerzos\u201d.<\/p>\n\n\n\n<p>Por \u00faltimo, Europ\u00eache inst\u00f3 a la Comisi\u00f3n Europea \u201ca desarrollar un Plan de Acci\u00f3n de la UE para los Alimentos Azules antes de 2026, con el objetivo de impulsar la producci\u00f3n y el consumo de productos del mar sostenibles. Este plan deber\u00eda incluir medidas concretas como la promoci\u00f3n de los productos pesqueros como una fuente nutritiva, saludable y de baja huella de carbono y el impulso de su producci\u00f3n mediante una pesca sostenible e innovadora\u201d.<\/p>\n","protected":false},"excerpt":{"rendered":"<p>El sector pesquero europeo, representado por Europ\u00eache y del que forma parte la espa\u00f1ola Cepesca, mantendr\u00e1 su solicitud a la Comisi\u00f3n Europea (CE) de incluir a los pescadores como miembros destacados del Consejo Europeo de Agricultura y Alimentaci\u00f3n (EBAF por sus siglas en ingl\u00e9s), organismo que se encargar\u00e1 de asesorar y recomendar a la Comisi\u00f3n<\/p>\n","protected":false},"author":4,"featured_media":11294,"comment_status":"open","ping_status":"open","sticky":false,"template":"","format":"standard","meta":{"om_disable_all_campaigns":false,"_monsterinsights_skip_tracking":false,"_monsterinsights_sitenote_active":false,"_monsterinsights_sitenote_note":"","_monsterinsights_sitenote_category":0,"footnotes":""},"categories":[9],"tags":[922,91,4,1900],"class_list":{"0":"post-11293","1":"post","2":"type-post","3":"status-publish","4":"format-standard","5":"has-post-thumbnail","7":"category-actualidad","8":"tag-espana","9":"tag-featured","10":"tag-pesca","11":"tag-ue"},"aioseo_notices":[],"amp_enabled":true,"_links":{"self":[{"href":"https:\/\/partedepesca.com.ar\/d\/wp-json\/wp\/v2\/posts\/11293","targetHints":{"allow":["GET"]}}],"collection":[{"href":"https:\/\/partedepesca.com.ar\/d\/wp-json\/wp\/v2\/posts"}],"about":[{"href":"https:\/\/partedepesca.com.ar\/d\/wp-json\/wp\/v2\/types\/post"}],"author":[{"embeddable":true,"href":"https:\/\/partedepesca.com.ar\/d\/wp-json\/wp\/v2\/users\/4"}],"replies":[{"embeddable":true,"href":"https:\/\/partedepesca.com.ar\/d\/wp-json\/wp\/v2\/comments?post=11293"}],"version-history":[{"count":1,"href":"https:\/\/partedepesca.com.ar\/d\/wp-json\/wp\/v2\/posts\/11293\/revisions"}],"predecessor-version":[{"id":11295,"href":"https:\/\/partedepesca.com.ar\/d\/wp-json\/wp\/v2\/posts\/11293\/revisions\/11295"}],"wp:featuredmedia":[{"embeddable":true,"href":"https:\/\/partedepesca.com.ar\/d\/wp-json\/wp\/v2\/media\/11294"}],"wp:attachment":[{"href":"https:\/\/partedepesca.com.ar\/d\/wp-json\/wp\/v2\/media?parent=11293"}],"wp:term":[{"taxonomy":"category","embeddable":true,"href":"https:\/\/partedepesca.com.ar\/d\/wp-json\/wp\/v2\/categories?post=11293"},{"taxonomy":"post_tag","embeddable":true,"href":"https:\/\/partedepesca.com.ar\/d\/wp-json\/wp\/v2\/tags?post=11293"}],"curies":[{"name":"wp","href":"https:\/\/api.w.org\/{rel}","templated":true}]}}