{"id":11181,"date":"2025-02-14T09:44:54","date_gmt":"2025-02-14T09:44:54","guid":{"rendered":"https:\/\/partedepesca.com.ar\/d\/?p=11181"},"modified":"2025-02-18T11:28:43","modified_gmt":"2025-02-18T11:28:43","slug":"costeros-marplatenses-reclaman-medidas-para-evitar-el-colapso-del-sector","status":"publish","type":"post","link":"https:\/\/partedepesca.com.ar\/d\/costeros-marplatenses-reclaman-medidas-para-evitar-el-colapso-del-sector\/","title":{"rendered":"Costeros marplatenses reclaman medidas \u201cpara evitar el colapso del sector\u201d"},"content":{"rendered":"\n<p>La Asociaci\u00f3n de Embarcaciones de Pesca Costera y Fresquera de Mar del Plata que preside Sebasti\u00e1n Agliano advirti\u00f3 sobre la gravedad de la crisis en la actividad pesquera en Argentina y plante\u00f3 que <strong>\u201curgen medidas para evitar el colapso del sector\u201d.<\/strong><\/p>\n\n\n\n<p>La situaci\u00f3n actual de la pesca del pa\u00eds cruza transversalmente a los diferentes estratos del sector, en toda su cadena productiva, cada uno con sus particularidades, donde se coincide en un escenario de peligrosa p\u00e9rdida de competitividad y rentabilidad negativa que pone en riesgo las inversiones y consecuentemente las fuentes laborales.<\/p>\n\n\n\n<p class=\"has-vivid-cyan-blue-color has-text-color has-link-color wp-elements-a2f6119140055524f196cc2bc7b9c106\"><strong>\u201cLA PESCA EN ESTADO CR\u00cdTICO\u201d<\/strong><\/p>\n\n\n\n<p><strong>\u201cLa actividad econ\u00f3mica de la pesca enfrenta un estado cr\u00edtico que amenaza su sostenibilidad y el empleo de miles de trabajadores.<\/strong> Desde hace meses, la <strong>rentabilidad<\/strong> del sector, en particular la de los barcos fresqueros y las plantas elaboradoras en tierra, se encuentra <strong>en terreno negativo<\/strong> debido a un conjunto de factores adversos\u201d, expres\u00f3 con preocupaci\u00f3n la entidad marplatense.<\/p>\n\n\n\n<figure class=\"wp-block-image size-large\"><a href=\"https:\/\/partedepesca.com.ar\/d\/wp-content\/uploads\/2024\/04\/PARTE-DE-PESCA-Sebastian-Agliano-scaled.jpg\"><img fetchpriority=\"high\" decoding=\"async\" width=\"1024\" height=\"627\" src=\"https:\/\/partedepesca.com.ar\/d\/wp-content\/uploads\/2024\/04\/PARTE-DE-PESCA-Sebastian-Agliano-1024x627.jpg\" alt=\"\" class=\"wp-image-6953\" srcset=\"https:\/\/partedepesca.com.ar\/d\/wp-content\/uploads\/2024\/04\/PARTE-DE-PESCA-Sebastian-Agliano-1024x627.jpg 1024w, https:\/\/partedepesca.com.ar\/d\/wp-content\/uploads\/2024\/04\/PARTE-DE-PESCA-Sebastian-Agliano-300x184.jpg 300w, https:\/\/partedepesca.com.ar\/d\/wp-content\/uploads\/2024\/04\/PARTE-DE-PESCA-Sebastian-Agliano-768x471.jpg 768w, https:\/\/partedepesca.com.ar\/d\/wp-content\/uploads\/2024\/04\/PARTE-DE-PESCA-Sebastian-Agliano-1536x941.jpg 1536w, https:\/\/partedepesca.com.ar\/d\/wp-content\/uploads\/2024\/04\/PARTE-DE-PESCA-Sebastian-Agliano-2048x1255.jpg 2048w, https:\/\/partedepesca.com.ar\/d\/wp-content\/uploads\/2024\/04\/PARTE-DE-PESCA-Sebastian-Agliano-150x92.jpg 150w, https:\/\/partedepesca.com.ar\/d\/wp-content\/uploads\/2024\/04\/PARTE-DE-PESCA-Sebastian-Agliano-450x276.jpg 450w, https:\/\/partedepesca.com.ar\/d\/wp-content\/uploads\/2024\/04\/PARTE-DE-PESCA-Sebastian-Agliano-1200x735.jpg 1200w\" sizes=\"(max-width: 1024px) 100vw, 1024px\" \/><\/a><figcaption class=\"wp-element-caption\">Sebasti\u00e1n Agliano\u00a0presidente de la Asociaci\u00f3n de Embarcaciones de Pesca Costera y Fresquera de Mar del Plata<\/figcaption><\/figure>\n\n\n\n<p>Describen que, entre las principales causas de esta crisis, las empresas enfrentan \u201cingresos deprimidos por la <strong>ca\u00edda en los precios internacionales<\/strong>, el <strong>atraso cambiario<\/strong> y la vigencia de los <strong>derechos de exportaci\u00f3n<\/strong> (DEX)\u201d, variables que han impactado significativamente en la competitividad del sector.<\/p>\n\n\n\n<p class=\"has-vivid-cyan-blue-color has-text-color has-link-color wp-elements-2301396ec7ca27762e25ac52fb9de430\"><strong>ELEVADOS COSTOS DE PRODUCCI\u00d3N<\/strong><\/p>\n\n\n\n<p>Por otra parte, explican que ante en un contexto inflacionario se verifica un <strong>\u201camento de costos\u201d,<\/strong> a lo que suman \u201cla apreciaci\u00f3n del peso, el exceso de regulaciones innecesarias y el incumplimiento de los Convenios Colectivos de Trabajo (CCT) han encarecido las operaciones, generando un <strong>escenario insostenible para las empresas pesqueras<\/strong>\u201d, afirman los costeros de Mar del Plata.<\/p>\n\n\n\n<p>\u201cTanto los barcos fresqueros que operan sobre la merluza hubbsi y el variado costero, como las plantas procesadoras que elaboran en tierra dicha producci\u00f3n para su posterior exportaci\u00f3n, est\u00e1n operando en situaci\u00f3n de quebranto\u201d, enfatizan al exhibir la gravedad de la situaci\u00f3n que atraviesa hoy toda la pesca argentina.<\/p>\n\n\n\n<p class=\"has-vivid-cyan-blue-color has-text-color has-link-color wp-elements-d2c7b8c5fd6b4ae976667bb1afa112c2\"><strong>\u201cES IMPERATIVO REDUCIR LAS CARGAS IMPOSITIVAS\u201d<\/strong><\/p>\n\n\n\n<p>Asimismo, hacen un fuerte llamado al Gobierno para que levante la carga fiscal a fin de evitar un colapso. \u201cEl sector pesquero es una fuente clave de empleo y un pilar fundamental de la econom\u00eda regional. <strong>De no tomarse medidas urgentes, se corre el riesgo de una retracci\u00f3n a\u00fan mayor de la actividad<\/strong>, con consecuencias sociales y econ\u00f3micas de gran impacto\u201d, alertan sobre posibles secuelas en el corto plazo. \u201cInstamos a las autoridades a revisar las pol\u00edticas vigentes y adoptar soluciones concretas que permitan aliviar la presi\u00f3n sobre la industria pesquera. <strong>Es imperativo reducir las cargas impositivas, actualizar las regulaciones laborales y establecer mecanismos que protejan la competitividad de la pesca en el mercado internacional&#8221;<\/strong>, concluyen.<\/p>\n","protected":false},"excerpt":{"rendered":"<p>La Asociaci\u00f3n de Embarcaciones de Pesca Costera y Fresquera de Mar del Plata que preside Sebasti\u00e1n Agliano advirti\u00f3 sobre la gravedad de la crisis en la actividad pesquera en Argentina y plante\u00f3 que \u201curgen medidas para evitar el colapso del sector\u201d. La situaci\u00f3n actual de la pesca del pa\u00eds cruza transversalmente a los diferentes estratos<\/p>\n","protected":false},"author":4,"featured_media":11182,"comment_status":"open","ping_status":"open","sticky":false,"template":"","format":"standard","meta":{"om_disable_all_campaigns":false,"_monsterinsights_skip_tracking":false,"_monsterinsights_sitenote_active":false,"_monsterinsights_sitenote_note":"","_monsterinsights_sitenote_category":0,"footnotes":""},"categories":[9],"tags":[1145,1955,900,91,116,1957,678],"class_list":{"0":"post-11181","1":"post","2":"type-post","3":"status-publish","4":"format-standard","5":"has-post-thumbnail","7":"category-actualidad","8":"tag-corvina","9":"tag-costeros-marplatenses","10":"tag-exportaciones","11":"tag-featured","12":"tag-merluza","13":"tag-rentabilidad-negativa","14":"tag-retenciones"},"aioseo_notices":[],"amp_enabled":true,"_links":{"self":[{"href":"https:\/\/partedepesca.com.ar\/d\/wp-json\/wp\/v2\/posts\/11181","targetHints":{"allow":["GET"]}}],"collection":[{"href":"https:\/\/partedepesca.com.ar\/d\/wp-json\/wp\/v2\/posts"}],"about":[{"href":"https:\/\/partedepesca.com.ar\/d\/wp-json\/wp\/v2\/types\/post"}],"author":[{"embeddable":true,"href":"https:\/\/partedepesca.com.ar\/d\/wp-json\/wp\/v2\/users\/4"}],"replies":[{"embeddable":true,"href":"https:\/\/partedepesca.com.ar\/d\/wp-json\/wp\/v2\/comments?post=11181"}],"version-history":[{"count":2,"href":"https:\/\/partedepesca.com.ar\/d\/wp-json\/wp\/v2\/posts\/11181\/revisions"}],"predecessor-version":[{"id":11184,"href":"https:\/\/partedepesca.com.ar\/d\/wp-json\/wp\/v2\/posts\/11181\/revisions\/11184"}],"wp:featuredmedia":[{"embeddable":true,"href":"https:\/\/partedepesca.com.ar\/d\/wp-json\/wp\/v2\/media\/11182"}],"wp:attachment":[{"href":"https:\/\/partedepesca.com.ar\/d\/wp-json\/wp\/v2\/media?parent=11181"}],"wp:term":[{"taxonomy":"category","embeddable":true,"href":"https:\/\/partedepesca.com.ar\/d\/wp-json\/wp\/v2\/categories?post=11181"},{"taxonomy":"post_tag","embeddable":true,"href":"https:\/\/partedepesca.com.ar\/d\/wp-json\/wp\/v2\/tags?post=11181"}],"curies":[{"name":"wp","href":"https:\/\/api.w.org\/{rel}","templated":true}]}}