{"id":11125,"date":"2025-02-07T10:01:34","date_gmt":"2025-02-07T10:01:34","guid":{"rendered":"https:\/\/partedepesca.com.ar\/d\/?p=11125"},"modified":"2025-02-10T12:02:11","modified_gmt":"2025-02-10T12:02:11","slug":"chubut-no-debe-naturalizar-las-practicas-mafiosas-del-sindicalismo","status":"publish","type":"post","link":"https:\/\/partedepesca.com.ar\/d\/chubut-no-debe-naturalizar-las-practicas-mafiosas-del-sindicalismo\/","title":{"rendered":"Chubut no debe naturalizar las pr\u00e1cticas mafiosas del sindicalismo"},"content":{"rendered":"\n<p>Cobarde agresi\u00f3n de gremialista del STIA de Chubut a la prensa. Desde el a\u00f1o 2000 ejerzo la profesi\u00f3n en el periodismo, no suelo escribir nunca en primera persona, porque no es mi estilo, y mi funci\u00f3n no es hablar de m\u00ed, sino informar hechos y procesos donde no soy el protagonista sino el que transmite y comunica la informaci\u00f3n.<\/p>\n\n\n\n<p>Este jueves 6 de febrero de 2025 he sido v\u00edctima de agresi\u00f3n f\u00edsica, coacci\u00f3n, intimidaci\u00f3n y amedrentamiento por parte del Secretario Gremial del Sindicato de Trabajadores de la Industria de la Alimentaci\u00f3n de Chubut, Jos\u00e9 Luis D\u00edaz.<\/p>\n\n\n\n<p>En circunstancias de una habitual cobertura period\u00edstica, el \u2018segundo\u2019 en la conducci\u00f3n del STIA de Chubut, que comanda Luis Emilio N\u00fa\u00f1ez desde hace 30 (treinta) a\u00f1os, perpetr\u00f3 directa agresi\u00f3n f\u00edsica hacia mi persona en el hall de acceso a la empresa Greciamar, en el parque industrial pesquero de Puerto Madryn.<\/p>\n\n\n\n<p>La agresi\u00f3n f\u00edsica incluy\u00f3 directas amenazas para que no publique lo acontecido en el lugar en esa jornada, y recib\u00ed recriminaciones sobre la publicaci\u00f3n de anteriores noticias: \u201cNo escribas m\u00e1s notas sobre el STIA, ni videos como el \u00faltimo que subiste\u201d, espet\u00f3 D\u00edaz, mientras profer\u00eda insultos y amenazas.<\/p>\n\n\n\n<p>El \u00faltimo video que publiqu\u00e9 en la plataforma <strong>PARTE DE PESCA<\/strong> con Jos\u00e9 D\u00edaz como centro de atenci\u00f3n, fue el pasado 20 de diciembre de 2024, cuando espet\u00f3 p\u00fablicamente, en las afueras del Municipio de Puerto Madryn, ep\u00edtetos y diatribas contra el ministro de Seguridad de Chubut, H\u00e9ctor Iturrioz, y amenazas contra el gobernador Ignacio Torres, sobre futuras visitas a la ciudad.<\/p>\n\n\n\n<p class=\"has-vivid-cyan-blue-color has-text-color has-link-color wp-elements-c7b168f7f499abc42b3e187b4724c7c7\"><strong>LA COBERTURA PERIODISTICA<\/strong><\/p>\n\n\n\n<p>Este jueves, en la empresa del grupo San Isidro se iba a poner en marcha una nueva l\u00ednea de procesamiento de langostino \u2018pelado desvenado\u2019, diferente a las l\u00edneas tradicionales de procesamiento de fresco. El objetivo de incorporar 120 nuevos trabajadores, inici\u00f3 con la convocatoria de 80 personas que voluntariamente firmaron contratos e ingresaron a la planta de Greciamar.<\/p>\n\n\n\n<p>La Subsecretar\u00eda de Trabajo de Chubut convalid\u00f3, en base a la legislaci\u00f3n vigente, una modalidad que le permite a San Isidro tener un grupo especifico para hacer \u2018pelado desvenado\u2019 en La Escalerona o en Greciamar, dos plantas a pocos metros.<\/p>\n\n\n\n<p>Una primera tanda de 80 trabajadores firm\u00f3 voluntariamente sus contratos y accedieron a la planta para iniciar tareas. Horas m\u00e1s tarde, y tras la irrupci\u00f3n de una comitiva sindical encabezada por Jos\u00e9 D\u00edaz, que orden\u00f3 parar la actividad, ese personal se fue de la pesquera sin renunciar, haciendo abandono de trabajo, mientras se dejaban toneladas de langostino tirados en las mesas y cajones.<\/p>\n\n\n\n<p class=\"has-vivid-cyan-blue-color has-text-color has-link-color wp-elements-d30832dc60f4e5a0012b8d9792341da6\"><strong>ANTECEDENTES<\/strong><\/p>\n\n\n\n<p>\u201cLuis N\u00fa\u00f1ez tiene a \u2018Pepe\u2019 D\u00edaz como su fuerza de choque\u201d, asevera a PARTE DE PESCA, una calificada fuente diga de cr\u00e9dito. El Sindicato de la Alimentaci\u00f3n ha protagonizado violentos ataques y escraches a viviendas particulares de gente vinculada a la pesca, como en 2009, donde N\u00fa\u00f1ez ya era jefe del gremio. A lo largo del tiempo, las discusiones salariales en paritarias, no fueron una \u2018negociaci\u00f3n\u2019 sino una imposici\u00f3n, a la que las empresas terminaron cediendo.<\/p>\n\n\n\n<p>Esa mec\u00e1nica de prepotear, avasallar y pretender cambiar opiniones por la fuerza no es nuevo en el STIA, y as\u00ed ha sido consignado en diferentes notas period\u00edsticas. El derecho constitucional a la protesta ha sido excedido por el irracional uso de la violencia como m\u00e9todo para dirimir reclamos laborales.<\/p>\n\n\n\n<ul class=\"wp-block-list\">\n<li><strong><a href=\"https:\/\/partedepesca.com.ar\/d\/horda-del-stia-ataco-y-amenazo-de-muerte-a-gerente-de-una-pesquera\/\">Horda del STIA atac\u00f3 y amenaz\u00f3 de muerte a gerente de una pesquera<\/a><\/strong><\/li>\n<\/ul>\n\n\n\n<ul class=\"wp-block-list\">\n<li><strong><a href=\"https:\/\/partedepesca.com.ar\/d\/el-stia-suma-denuncias-por-escalada-violenta-en-madryn-rawson-y-comodoro\/\">El STIA suma denuncias por escalada violenta en Madryn, Rawson y Comodoro<\/a><\/strong><\/li>\n<\/ul>\n\n\n\n<ul class=\"wp-block-list\">\n<li><strong><a href=\"https:\/\/partedepesca.com.ar\/d\/imputaron-a-afiliados-del-stia-por-violenta-manifestacion-en-una-pesquera\/\">Imputaron a afiliados del STIA por violenta manifestaci\u00f3n en una pesquera<\/a><\/strong><\/li>\n<\/ul>\n\n\n\n<ul class=\"wp-block-list\">\n<li><strong><a href=\"https:\/\/partedepesca.com.ar\/d\/el-stia-amenaza-con-boicotear-proximas-visitas-del-gobernador-a-madryn\/\">El STIA amaga con boicotear pr\u00f3ximas visitas del Gobernador a Madryn<\/a><\/strong><\/li>\n<\/ul>\n\n\n\n<p class=\"has-vivid-cyan-blue-color has-text-color has-link-color wp-elements-4bbb3e252e68348466c02199f76a94f5\"><strong>JUSTICIA LENTA NO ES JUSTICIA<\/strong><\/p>\n\n\n\n<p>A todos esos episodios se suman ataques a letrados que han sido v\u00edctimas de aprietes y golpes en instancias y \u00e1mbitos de discusiones laborales, tal el caso de eventos acaecidos en la delegaci\u00f3n Puerto Madryn de la Subsecretar\u00eda de Trabajo.<\/p>\n\n\n\n<p>Investigaciones como la manifestaci\u00f3n violenta a una pesquera en la costa de la ciudad siguen sin ser elevadas a juicio. Una extra\u00f1a pasividad y letargo del Ministerio P\u00fablico Fiscal, en el esclarecimiento de esos hechos, no han aportado claridad y mantienen impunes esos casos.<\/p>\n\n\n\n<p class=\"has-vivid-cyan-blue-color has-text-color has-link-color wp-elements-3960c5e19e3d8130ba3c011dcad1da45\"><strong>MATRIZ CORRUPTA<\/strong><\/p>\n\n\n\n<p>Con todo, en Argentina el debate sobre la matriz corrupta de los sindicatos no es nueva. Y obedece tambi\u00e9n a que en ese esquema hay una contraparte que les termina siendo funcional a esos intereses. Hay sindicalistas millonarios porque tambi\u00e9n hubo empresas que cedieron y pagaron coimas para poder operar. Durante d\u00e9cadas en el pa\u00eds se ha dado el debate sobre los esquemas sindicales sospechados de corrupci\u00f3n y justamente hoy forman parte de las resistencias a las reformas que se impulsan a nivel nacional.<\/p>\n\n\n\n<p class=\"has-vivid-cyan-blue-color has-text-color has-link-color wp-elements-b14caa476b22e584f9332418403ec2c4\"><strong>CONCLUSI\u00d3N<\/strong><\/p>\n\n\n\n<p>En Chubut, en el \u00e1mbito de la pesca, el sector privado tambi\u00e9n debe revisar sus m\u00e9todos y formas que han colaborado y permitido excesos de sectores gremiales, los que han crecido al amparo de pr\u00e1cticas marginales.<\/p>\n\n\n\n<p>As\u00ed las cosas, es hoy inaceptable que se naturalice la violencia como forma de gestionar las diferencias. Me reh\u00faso a tolerar que en plena democracia sigan existiendo pr\u00e1cticas de amedrentamiento y coacci\u00f3n que pretendan acallar a opiniones diferentes. &nbsp;<\/p>\n","protected":false},"excerpt":{"rendered":"<p>Cobarde agresi\u00f3n de gremialista del STIA de Chubut a la prensa. Desde el a\u00f1o 2000 ejerzo la profesi\u00f3n en el periodismo, no suelo escribir nunca en primera persona, porque no es mi estilo, y mi funci\u00f3n no es hablar de m\u00ed, sino informar hechos y procesos donde no soy el protagonista sino el que transmite<\/p>\n","protected":false},"author":3,"featured_media":11121,"comment_status":"open","ping_status":"open","sticky":false,"template":"","format":"standard","meta":{"om_disable_all_campaigns":false,"_monsterinsights_skip_tracking":false,"_monsterinsights_sitenote_active":false,"_monsterinsights_sitenote_note":"","_monsterinsights_sitenote_category":0,"footnotes":""},"categories":[9],"tags":[91,441,1812],"class_list":{"0":"post-11125","1":"post","2":"type-post","3":"status-publish","4":"format-standard","5":"has-post-thumbnail","7":"category-actualidad","8":"tag-featured","9":"tag-stia","10":"tag-violencia"},"aioseo_notices":[],"amp_enabled":true,"_links":{"self":[{"href":"https:\/\/partedepesca.com.ar\/d\/wp-json\/wp\/v2\/posts\/11125","targetHints":{"allow":["GET"]}}],"collection":[{"href":"https:\/\/partedepesca.com.ar\/d\/wp-json\/wp\/v2\/posts"}],"about":[{"href":"https:\/\/partedepesca.com.ar\/d\/wp-json\/wp\/v2\/types\/post"}],"author":[{"embeddable":true,"href":"https:\/\/partedepesca.com.ar\/d\/wp-json\/wp\/v2\/users\/3"}],"replies":[{"embeddable":true,"href":"https:\/\/partedepesca.com.ar\/d\/wp-json\/wp\/v2\/comments?post=11125"}],"version-history":[{"count":1,"href":"https:\/\/partedepesca.com.ar\/d\/wp-json\/wp\/v2\/posts\/11125\/revisions"}],"predecessor-version":[{"id":11126,"href":"https:\/\/partedepesca.com.ar\/d\/wp-json\/wp\/v2\/posts\/11125\/revisions\/11126"}],"wp:featuredmedia":[{"embeddable":true,"href":"https:\/\/partedepesca.com.ar\/d\/wp-json\/wp\/v2\/media\/11121"}],"wp:attachment":[{"href":"https:\/\/partedepesca.com.ar\/d\/wp-json\/wp\/v2\/media?parent=11125"}],"wp:term":[{"taxonomy":"category","embeddable":true,"href":"https:\/\/partedepesca.com.ar\/d\/wp-json\/wp\/v2\/categories?post=11125"},{"taxonomy":"post_tag","embeddable":true,"href":"https:\/\/partedepesca.com.ar\/d\/wp-json\/wp\/v2\/tags?post=11125"}],"curies":[{"name":"wp","href":"https:\/\/api.w.org\/{rel}","templated":true}]}}