{"id":11001,"date":"2025-01-24T09:47:58","date_gmt":"2025-01-24T09:47:58","guid":{"rendered":"https:\/\/partedepesca.com.ar\/d\/?p=11001"},"modified":"2025-01-27T11:03:23","modified_gmt":"2025-01-27T11:03:23","slug":"santa-cruz-confirma-prospeccion-y-cruje-el-convenio-del-golfo-san-jorge","status":"publish","type":"post","link":"https:\/\/partedepesca.com.ar\/d\/santa-cruz-confirma-prospeccion-y-cruje-el-convenio-del-golfo-san-jorge\/","title":{"rendered":"Santa Cruz confirma prospecci\u00f3n y cruje el Convenio del Golfo San Jorge"},"content":{"rendered":"\n<p>En forma unilateral la provincia de Santa Cruz comunic\u00f3 oficialmente que realizar\u00e1 una prospecci\u00f3n de la especie langostino dentro de su jurisdicci\u00f3n, en tres meses consecutivos, bajo el ropaje de \u2018investigaci\u00f3n\u2019 y pate\u00f3 el tablero del Convenio del Golfo San Jorge dejando a Chubut en una posici\u00f3n inc\u00f3moda y de debilidad.<\/p>\n\n\n\n<p>La pesquer\u00eda de langostino del caladero conjunto que tienen Santa Cruz y Chubut se administra bajo el denominado \u2018Convenio del Golfo\u2019, y ambas provincias acordaron desde 2018 vedar la pesca de esa especie para favorecer la etapa reproductiva, y la medida recomendada por el INIDEP permiti\u00f3 que se eleve de 50.000 a 250.000 toneladas que se pescan actualmente en Argentina de Pleoticus muelleri.<\/p>\n\n\n\n<p class=\"has-vivid-cyan-blue-color has-text-color has-link-color wp-elements-2344cdd252152338461524e409922d6a\"><strong>SIN M\u00daSCULO POL\u00cdTICO<\/strong><\/p>\n\n\n\n<p>La tarde noche de ayer jueves fue intensa, tras conocerse el Acta N\u00b0 1 del Consejo Federal Pesquero, en cuyo \u00faltimo punto de tratamiento apareci\u00f3 \u201cInvestigaci\u00f3n en el Golfo San Jorge (Provincia de Santa Cruz)\u201d.<\/p>\n\n\n\n<p>Durante la semana hubo trascendidos, sin fuentes oficiales, que daban cuenta que Santa Cruz hab\u00eda dado marcha atr\u00e1s en un intento de prospectar sus aguas sobre la especie langostino, rompiendo as\u00ed el acuerdo con Chubut.<\/p>\n\n\n\n<p>El gobierno de Claudio Vidal cumpli\u00f3 con los amagues que hizo durante el \u00faltimo a\u00f1o, desestabilizar el \u2018Convenio del Golfo San Jorge\u2019, sin que hasta este momento la administraci\u00f3n pesquera de Chubut que dirige el Dr. Andr\u00e9s Pedro Arbeletche haya salido p\u00fablicamente a cuestionar o contrarrestar la avanzada. Tal vez, este viernes haya reacciones tard\u00edas.<\/p>\n\n\n\n<p class=\"has-vivid-cyan-blue-color has-text-color has-link-color wp-elements-57c38539a7af37800d2c03f9aad241d9\"><strong>VIDAL VA A FONDO<\/strong><\/p>\n\n\n\n<p>En la primera sesi\u00f3n del a\u00f1o del Consejo Federal Pesquero, en el \u00faltimo tema del d\u00eda, \u201cel Representante de la Provincia de Santa Cruz (el ministro de la Producci\u00f3n, Gustavo Mart\u00ednez) informa que est\u00e1 previsto realizar investigaci\u00f3n en el Golfo San Jorge, con dos buques fresqueros, en tres etapas: a fines de enero, a fines de febrero y a fines de marzo, con una duraci\u00f3n de dos d\u00edas cada una, en doce (12) puntos de muestreo, lances de 10 minutos de duraci\u00f3n y con Observador provincial a bordo de cada buque. Una vez finalizada la experiencia los informes resultantes ser\u00e1n puestos a disposici\u00f3n del CFP\u201d, se\u00f1ala el acta.<\/p>\n\n\n\n<p>Apenas conocido el dato, hubo m\u00faltiples reacciones desde el sector empresario ante el repentino y peligroso \u2018cambio de reglas\u2019, y no pas\u00f3 inadvertido el \u201csilencio\u201d de Chubut en el acta del Consejo Federal Pesquero, m\u00e1s all\u00e1 de las explicaciones coloquiales que se hilvanaron durante la noche del jueves v\u00eda telef\u00f3nica.<\/p>\n\n\n\n<p class=\"has-vivid-cyan-blue-color has-text-color has-link-color wp-elements-c7baa55dd378c3bbbbd56dc92837b9f3\"><strong>CHUBUT SIN REACCI\u00d3N<\/strong><\/p>\n\n\n\n<p>En el acta, Chubut no expres\u00f3 nada. Arbeletche no fij\u00f3 posici\u00f3n pol\u00edtica al respecto. Estas \u2018inquietudes\u2019 le fueron trasmitidas desde diferentes ejecutivos de empresas al propio gobernador de Ignacio Torres. Est\u00e1 claro que no se trata de una \u2018investigaci\u00f3n\u2019, sino de una estrat\u00e9gica avanzada de Santa Cruz para ir por el paso siguiente. Es una prospecci\u00f3n encubierta para amagar con abrir el caladero interprovincial, &#8216;excepto&#8217; que la incrementen la cuota social a la provincia.<\/p>\n\n\n\n<p>El convenio del Golfo San Jorge establece con claridad meridiana que cualquier medida ser\u00e1 acordada entre las partes, y esta prospecci\u00f3n de \u201cinvestigaci\u00f3n\u201d durante los meses de enero, febrero y marzo ratifican la intenci\u00f3n de Santa Cruz de evaluar abrir la pesquer\u00eda de langostino dentro de su jurisdicci\u00f3n.<\/p>\n\n\n\n<p class=\"has-vivid-cyan-blue-color has-text-color has-link-color wp-elements-43547780dd78a48d08038707b2806827\"><strong>LOS EXPUSO A TODOS<\/strong><\/p>\n\n\n\n<p>Vidal especula que su primera arremetida contra el Consejo Federal Pesquero le sali\u00f3 impecable y va por m\u00e1s. En una de las \u00faltimas sesiones del a\u00f1o 2024, en la calurosa tarde del 05 de diciembre, irrumpi\u00f3 en el 5\u00b0 piso de Humberto 1\u00b0 155 de CABA, -habilitado por Juan Antonio L\u00f3pez Cazorla-, con camar\u00f3grafos, fot\u00f3grafos y al menos cinco funcionarios, entre ellos, Gustavo Mart\u00ednez. Ese d\u00eda de trat\u00f3 y aprob\u00f3 la pr\u00f3rroga de la cuotificaci\u00f3n de la especie merluza hubbsi. Santa Cruz obtuvo un incremento del orden de las 20.000 toneladas de cuota social de esa especie.<\/p>\n\n\n\n<p>El histri\u00f3nico mandatario santacruce\u00f1o, en esa ocasi\u00f3n, fotografi\u00f3 a trav\u00e9s de su equipo de comunicaci\u00f3n a todos los miembros del Consejo Federal Pesquero, hizo videos saliendo del CFP, hasta los disciplin\u00f3 haci\u00e9ndolos posar junto a \u00e9l con el pu\u00f1o cerrado en alto. Una postal rayana al rid\u00edculo. Pero Vidal volvi\u00f3 a Santa Cruz exultante de haber pasado de cuatro mil a veinte mil toneladas de cuota social de merluza hubbsi.<\/p>\n\n\n\n<figure class=\"wp-block-image size-full\"><a href=\"https:\/\/partedepesca.com.ar\/d\/wp-content\/uploads\/2025\/01\/vidal-disciplinando-a-los-consejeros-del-CFP.jpg\"><img fetchpriority=\"high\" decoding=\"async\" width=\"900\" height=\"696\" src=\"https:\/\/partedepesca.com.ar\/d\/wp-content\/uploads\/2025\/01\/vidal-disciplinando-a-los-consejeros-del-CFP.jpg\" alt=\"\" class=\"wp-image-11004\" srcset=\"https:\/\/partedepesca.com.ar\/d\/wp-content\/uploads\/2025\/01\/vidal-disciplinando-a-los-consejeros-del-CFP.jpg 900w, https:\/\/partedepesca.com.ar\/d\/wp-content\/uploads\/2025\/01\/vidal-disciplinando-a-los-consejeros-del-CFP-300x232.jpg 300w, https:\/\/partedepesca.com.ar\/d\/wp-content\/uploads\/2025\/01\/vidal-disciplinando-a-los-consejeros-del-CFP-768x594.jpg 768w, https:\/\/partedepesca.com.ar\/d\/wp-content\/uploads\/2025\/01\/vidal-disciplinando-a-los-consejeros-del-CFP-150x116.jpg 150w, https:\/\/partedepesca.com.ar\/d\/wp-content\/uploads\/2025\/01\/vidal-disciplinando-a-los-consejeros-del-CFP-450x348.jpg 450w\" sizes=\"(max-width: 900px) 100vw, 900px\" \/><\/a><\/figure>\n\n\n\n<p>Tras esa exitosa estrategia, Santa Cruz pone en jaque el Convenio del Golfo, ante la falta de reacci\u00f3n del Secretario de Pesca de Chubut, y anuncia oficialmente que har\u00e1 una \u201cinvestigaci\u00f3n\u201d durante tres meses; amagando abrir la pesquer\u00eda. El objetivo oculto es presionar para que el CFP la ampl\u00ede el \u2018cupo\u2019 de reserva social de langostino para mantener vedado el golfo.<\/p>\n","protected":false},"excerpt":{"rendered":"<p>En forma unilateral la provincia de Santa Cruz comunic\u00f3 oficialmente que realizar\u00e1 una prospecci\u00f3n de la especie langostino dentro de su jurisdicci\u00f3n, en tres meses consecutivos, bajo el ropaje de \u2018investigaci\u00f3n\u2019 y pate\u00f3 el tablero del Convenio del Golfo San Jorge dejando a Chubut en una posici\u00f3n inc\u00f3moda y de debilidad. La pesquer\u00eda de langostino<\/p>\n","protected":false},"author":3,"featured_media":11002,"comment_status":"open","ping_status":"open","sticky":false,"template":"","format":"standard","meta":{"om_disable_all_campaigns":false,"_monsterinsights_skip_tracking":false,"_monsterinsights_sitenote_active":false,"_monsterinsights_sitenote_note":"","_monsterinsights_sitenote_category":0,"footnotes":""},"categories":[9],"tags":[420,154,372,1160,91,152,298],"class_list":{"0":"post-11001","1":"post","2":"type-post","3":"status-publish","4":"format-standard","5":"has-post-thumbnail","7":"category-actualidad","8":"tag-andres-arbeletche","9":"tag-chubut","10":"tag-claudio-vidal","11":"tag-convenio-del-golfo","12":"tag-featured","13":"tag-langostino","14":"tag-santa-cruz"},"aioseo_notices":[],"amp_enabled":true,"_links":{"self":[{"href":"https:\/\/partedepesca.com.ar\/d\/wp-json\/wp\/v2\/posts\/11001","targetHints":{"allow":["GET"]}}],"collection":[{"href":"https:\/\/partedepesca.com.ar\/d\/wp-json\/wp\/v2\/posts"}],"about":[{"href":"https:\/\/partedepesca.com.ar\/d\/wp-json\/wp\/v2\/types\/post"}],"author":[{"embeddable":true,"href":"https:\/\/partedepesca.com.ar\/d\/wp-json\/wp\/v2\/users\/3"}],"replies":[{"embeddable":true,"href":"https:\/\/partedepesca.com.ar\/d\/wp-json\/wp\/v2\/comments?post=11001"}],"version-history":[{"count":4,"href":"https:\/\/partedepesca.com.ar\/d\/wp-json\/wp\/v2\/posts\/11001\/revisions"}],"predecessor-version":[{"id":11007,"href":"https:\/\/partedepesca.com.ar\/d\/wp-json\/wp\/v2\/posts\/11001\/revisions\/11007"}],"wp:featuredmedia":[{"embeddable":true,"href":"https:\/\/partedepesca.com.ar\/d\/wp-json\/wp\/v2\/media\/11002"}],"wp:attachment":[{"href":"https:\/\/partedepesca.com.ar\/d\/wp-json\/wp\/v2\/media?parent=11001"}],"wp:term":[{"taxonomy":"category","embeddable":true,"href":"https:\/\/partedepesca.com.ar\/d\/wp-json\/wp\/v2\/categories?post=11001"},{"taxonomy":"post_tag","embeddable":true,"href":"https:\/\/partedepesca.com.ar\/d\/wp-json\/wp\/v2\/tags?post=11001"}],"curies":[{"name":"wp","href":"https:\/\/api.w.org\/{rel}","templated":true}]}}