{"id":10858,"date":"2024-12-19T10:25:17","date_gmt":"2024-12-19T10:25:17","guid":{"rendered":"https:\/\/partedepesca.com.ar\/d\/?p=10858"},"modified":"2024-12-20T11:43:44","modified_gmt":"2024-12-20T11:43:44","slug":"en-santa-cruz-ya-hacen-cola-para-el-reparto-de-la-cuota-social-de-merluza","status":"publish","type":"post","link":"https:\/\/partedepesca.com.ar\/d\/en-santa-cruz-ya-hacen-cola-para-el-reparto-de-la-cuota-social-de-merluza\/","title":{"rendered":"En Santa Cruz ya hacen cola para el reparto de la cuota social de merluza"},"content":{"rendered":"\n<p>Los empresarios pesqueros Luis Santander, Luis Jones, Eduardo Barone y Pablo Otegui se reunieron en R\u00edo Gallegos con funcionarios del gabinete del gobernador Claudio Vidal a fin de interiorizarse c\u00f3mo ser\u00e1 la m\u00e9todo que utilizar\u00e1 la provincia para la asignaci\u00f3n de la cuota social de merluza hubbsi, luego que el Consejo Federal Pesquero aprobara un incremento para Santa Cruz que le permitir\u00e1 disponer alrededor de 20 mil toneladas anuales, dependiendo de la Captura M\u00e1xima Permisible que se establezca.<\/p>\n\n\n\n<p>Se llev\u00f3 a cabo una reuni\u00f3n entre el Ministerio de la Producci\u00f3n, Comercio e Industria y empresas que procesan merluza en esa provincia, con el objeto de recibir las inquietudes del sector respecto de la cuotificaci\u00f3n y el cupo social recibido por la jurisdicci\u00f3n a partir de enero de 2025.<\/p>\n\n\n\n<p>Participaron de este encuentro el ministro de la Producci\u00f3n, Comercio e Industria, Ing. Gustavo Mart\u00ednez, por parte del gobierno provincial, y los se\u00f1ores Luis &#8216;Gringo&#8217; Jones de la empresa Vepez, Eduardo Barone de la empresa DalSur, Luis &#8216;Mono&#8217; Santander de la empresa Luez y Pablo Otegui de la empresa Veraz.<\/p>\n\n\n\n<p>En la oportunidad, se dialog\u00f3 \u201csobre la forma de distribuci\u00f3n de cupos, inversiones previstas, mercados a futuro y sobre la posibilidad de certificaci\u00f3n de la pesquer\u00eda de merluza dentro del Golfo San Jorge, en aguas de jurisdicci\u00f3n provincial\u201d, indicaron desde la cartera que conduce Mart\u00ednez.<\/p>\n\n\n\n<p>A partir de la nueva cuotificaci\u00f3n aprobada semanas atr\u00e1s, Santa Cruz&nbsp;tiene asegurado en concepto de \u2018reserva social\u2019, a partir de 2025 y hasta el 31 de diciembre de 2039,&nbsp;En realidad, Santa Cruz tiene asegurado en concepto de reserva social, a partir de 2025 y hasta el 31 de diciembre de 2039, el 4,8% de la Captura M\u00e1xima Permisible (CMP) de la especie Merluccius hubbsi.<\/p>\n","protected":false},"excerpt":{"rendered":"<p>Los empresarios pesqueros Luis Santander, Luis Jones, Eduardo Barone y Pablo Otegui se reunieron en R\u00edo Gallegos con funcionarios del gabinete del gobernador Claudio Vidal a fin de interiorizarse c\u00f3mo ser\u00e1 la m\u00e9todo que utilizar\u00e1 la provincia para la asignaci\u00f3n de la cuota social de merluza hubbsi, luego que el Consejo Federal Pesquero aprobara un<\/p>\n","protected":false},"author":3,"featured_media":10859,"comment_status":"open","ping_status":"open","sticky":false,"template":"","format":"standard","meta":{"om_disable_all_campaigns":false,"_monsterinsights_skip_tracking":false,"_monsterinsights_sitenote_active":false,"_monsterinsights_sitenote_note":"","_monsterinsights_sitenote_category":0,"footnotes":""},"categories":[9],"tags":[1890,1637,91,1788,856,298],"class_list":{"0":"post-10858","1":"post","2":"type-post","3":"status-publish","4":"format-standard","5":"has-post-thumbnail","7":"category-actualidad","8":"tag-cuota-social-merluza","9":"tag-cuotificacipon","10":"tag-featured","11":"tag-luis-jones","12":"tag-luis-santander","13":"tag-santa-cruz"},"aioseo_notices":[],"amp_enabled":true,"_links":{"self":[{"href":"https:\/\/partedepesca.com.ar\/d\/wp-json\/wp\/v2\/posts\/10858","targetHints":{"allow":["GET"]}}],"collection":[{"href":"https:\/\/partedepesca.com.ar\/d\/wp-json\/wp\/v2\/posts"}],"about":[{"href":"https:\/\/partedepesca.com.ar\/d\/wp-json\/wp\/v2\/types\/post"}],"author":[{"embeddable":true,"href":"https:\/\/partedepesca.com.ar\/d\/wp-json\/wp\/v2\/users\/3"}],"replies":[{"embeddable":true,"href":"https:\/\/partedepesca.com.ar\/d\/wp-json\/wp\/v2\/comments?post=10858"}],"version-history":[{"count":1,"href":"https:\/\/partedepesca.com.ar\/d\/wp-json\/wp\/v2\/posts\/10858\/revisions"}],"predecessor-version":[{"id":10860,"href":"https:\/\/partedepesca.com.ar\/d\/wp-json\/wp\/v2\/posts\/10858\/revisions\/10860"}],"wp:featuredmedia":[{"embeddable":true,"href":"https:\/\/partedepesca.com.ar\/d\/wp-json\/wp\/v2\/media\/10859"}],"wp:attachment":[{"href":"https:\/\/partedepesca.com.ar\/d\/wp-json\/wp\/v2\/media?parent=10858"}],"wp:term":[{"taxonomy":"category","embeddable":true,"href":"https:\/\/partedepesca.com.ar\/d\/wp-json\/wp\/v2\/categories?post=10858"},{"taxonomy":"post_tag","embeddable":true,"href":"https:\/\/partedepesca.com.ar\/d\/wp-json\/wp\/v2\/tags?post=10858"}],"curies":[{"name":"wp","href":"https:\/\/api.w.org\/{rel}","templated":true}]}}