{"id":10733,"date":"2024-12-04T12:03:09","date_gmt":"2024-12-04T12:03:09","guid":{"rendered":"https:\/\/partedepesca.com.ar\/d\/?p=10733"},"modified":"2024-12-05T11:59:33","modified_gmt":"2024-12-05T11:59:33","slug":"en-chubut-evaluan-flexibilizar-el-uso-de-cooperativas-en-la-pesca","status":"publish","type":"post","link":"https:\/\/partedepesca.com.ar\/d\/en-chubut-evaluan-flexibilizar-el-uso-de-cooperativas-en-la-pesca\/","title":{"rendered":"En Chubut evaluar\u00edan flexibilizar el uso de cooperativas en la pesca"},"content":{"rendered":"\n<p>Ese fue uno de los temas de abordaje en la reuni\u00f3n mantenida ayer en la Legislatura a partir de una convocatoria realizada por la Comisi\u00f3n de Desarrollo Econ\u00f3mico, Recursos Naturales y Ambiente, encuentro al que asistieron diferentes c\u00e1maras empresariales del sector pesquero y que tuvo por objeto informar a los diputados de los diferentes bloques la situaci\u00f3n de la actividad y las necesidades que se requieren en materia legislativa.<\/p>\n\n\n\n<p>El panel lo presidi\u00f3 el diputado Emanuel Fern\u00e1ndez en su car\u00e1cter de titular de la comisi\u00f3n y cont\u00f3 con la presencia del vicegobernador Gustavo Menna, el secretario de Pesca, Andr\u00e9s Arbeletche, y representantes de las entidades empresarias: CAFACh, CAPIP, flota artesanal de Rawson y plantas de Comodoro Rivadavia.<\/p>\n\n\n\n<p>El representante la C\u00e1mara Empresaria de Pesca del Golfo San Jorge, Luis Santander, explic\u00f3 a los legisladores provinciales los altos costos de producci\u00f3n que tiene la actividad, la cual le quita competitividad respecto de otras regiones del pa\u00eds. Al analizar la ecuaci\u00f3n de la explotaci\u00f3n del recurso merluza hubbsi, con barcos fresqueros y su procesamiento en tierra, dijo que tienen costos mucho m\u00e1s elevados que en la provincia de Santa Cruz. Detall\u00f3 que en el puerto comodorense la descarga es un 40% m\u00e1s cara respecto a Puerto Deseado o Caleta Olivia. Mencion\u00f3 que los costos operacionales del puerto de Comodoro Rivadavia tienen un sobrecosto del 40%. Adem\u00e1s, sostuvo que producto de una pr\u00e1ctica monop\u00f3lica el combustible es un 25% m\u00e1s caro cargado dentro del puerto de Comodoro Rivadavia, incluso es m\u00e1s barato hacerlo en Caleta C\u00f3rdova.<\/p>\n\n\n\n<p>Y, el dato m\u00e1s significativo que aport\u00f3 Santander es que el procesamiento de la materia prima en Chubut es 100% m\u00e1s cara que en Santa Cruz. En este contexto se plante\u00f3 que debe analizarse una actualizaci\u00f3n legislativa en Chubut para flexibilizar el uso de cooperativas de trabajo o empresas de servicio, cuesti\u00f3n que hoy est\u00e1 vedada por un \u00edtem de la Ley Provincial de Pesca IV &#8211; N\u00b0 157.<\/p>\n\n\n\n<p class=\"has-vivid-cyan-blue-color has-text-color has-link-color wp-elements-8d80c20fb4ceffc6d7117325d060c522\"><strong>MANO DE OBRA 100% M\u00c1S CARA<\/strong><\/p>\n\n\n\n<p>\u201cEn Chubut la mano de obra cuesta un 100 por ciento m\u00e1s que en Santa Cruz donde funcionan bien las cooperativas; este es un gran problema y es momento de abordarlo\u201d, afirm\u00f3 en su exposici\u00f3n el representante de la C\u00e1mara Empresaria de Pesca del Golfo San Jorge.<\/p>\n\n\n\n<p>\u201cVenimos a este \u00e1mbito para que nos escuchen y conozcan la realidad que tenemos. Hay que blanquear esta problem\u00e1tica y creo que es momento de abordarlo\u201d, reiter\u00f3 el empresario ante diputados de los diferentes bloques parlamentarios.<\/p>\n\n\n\n<p>Al fundamentar su posici\u00f3n, compar\u00f3 que en muchas otras actividades econ\u00f3micas existen y est\u00e1n funcionando las cooperativas de trabajo como en el resto del pa\u00eds, salvo en el sector pesquero. \u201cLos gremios deben empezar a pensar en otras formas de trabajar y se lo venimos pidiendo desde hace mucho tiempo\u201d, a\u00f1adi\u00f3.<\/p>\n\n\n\n<p class=\"has-vivid-cyan-blue-color has-text-color has-link-color wp-elements-ca1c0f5e0ab0536e80f28086f3dd584d\"><strong>REVISAR LA LEY DE PESCA<\/strong><\/p>\n\n\n\n<p>Posteriormente, el vicegobernador Gustavo Menna destac\u00f3 el espacio en que las representaciones empresariales puedan explicarle a todos los diputados provinciales la realidad del sector y armar una agenda de temas que meren el abordaje legislativo. Y, en este marco, dijo compartir lo planteado desde la c\u00e1mara pesquera comodorense.<\/p>\n\n\n\n<p>\u201cTenemos que animarnos a dar estas discusiones, armar una agenda. Es cierto lo que menciona Luis (Santander), tenemos un tema laboral que nos hace totalmente distintos a Buenos Aires y Santa Cruz, y eso s\u00ed es una ley de esta Legislatura que declar\u00f3 la imposibilidad de contratar, yo no dir\u00eda cooperativas, sino empresas prestadoras de servicios\u201d, destac\u00f3 Menna al avalar una posible revisi\u00f3n de ese esquema actualmente vigente.<\/p>\n\n\n\n<p class=\"has-vivid-cyan-blue-color has-text-color has-link-color wp-elements-5b7fcb0281e33ed2b6ff6b7d0ee5e146\"><strong>\u201cDE DUDOSA CONSTITUCIONALIDAD\u201d<\/strong><\/p>\n\n\n\n<p>El Vicegobernador de Chubut plante\u00f3 puntualmente lo establecido en la Ley IX &#8211; N\u00b0 157, Art\u00edculo 20\u00b0, inciso T que en el \u00faltimo p\u00e1rrafo dice: \u2018En ning\u00fan caso el procesamiento podr\u00e1 ser realizado a trav\u00e9s de cooperativas, asociaciones o empresas intermediarias\u2019.<\/p>\n\n\n\n<p>\u201cEsta Legislatura impidi\u00f3 la tercerizaci\u00f3n de todo el trabajo de procesamiento. Lo cual es de dudosa constitucionalidad porque el que tiene potestades para regular contratos es el Congreso de la Naci\u00f3n, no las legislaturas provinciales\u201d, se\u00f1al\u00f3 Gustavo Menna al poner el tema en la agenda p\u00fablica y cuestionar la limitaci\u00f3n impuesta en esa norma. <\/p>\n\n\n\n<p>El ensayar un cierre y conclusi\u00f3n del encuentro, Menna insisti\u00f3 con dar la discusi\u00f3n. \u201cSi mantenemos un trabajo en conjunto podemos avanzar en sacar las regulaciones que haya que sacar, eliminar las leyes que haya que eliminar. Todo el tema este de la prohibici\u00f3n de tercerizaci\u00f3n es todo un tema. Ha sido un camino que ha generado distorsiones de rentabilidad y de competitividad. Y la verdad es que la Legislatura deber\u00eda analizarlo. No hay temas tab\u00fa\u201d, reflexion\u00f3.<\/p>\n\n\n\n<p>El dato no es menor, es el propio Vicegobernador de la Provincia quien pone en duda la validez constitucional de esa prohibici\u00f3n de contratar cooperativas o empresas de servicios para el procesamiento de materia prima de la pesca. Dentro de la ola de pol\u00edticas de desregulaci\u00f3n econ\u00f3mica es un tema que podr\u00eda formar parte de la agenda legislativa chubutense en 2025; un debate que se viene.<\/p>\n","protected":false},"excerpt":{"rendered":"<p>Ese fue uno de los temas de abordaje en la reuni\u00f3n mantenida ayer en la Legislatura a partir de una convocatoria realizada por la Comisi\u00f3n de Desarrollo Econ\u00f3mico, Recursos Naturales y Ambiente, encuentro al que asistieron diferentes c\u00e1maras empresariales del sector pesquero y que tuvo por objeto informar a los diputados de los diferentes bloques<\/p>\n","protected":false},"author":3,"featured_media":10734,"comment_status":"open","ping_status":"open","sticky":false,"template":"","format":"standard","meta":{"om_disable_all_campaigns":false,"_monsterinsights_skip_tracking":false,"_monsterinsights_sitenote_active":false,"_monsterinsights_sitenote_note":"","_monsterinsights_sitenote_category":0,"footnotes":""},"categories":[9],"tags":[1823,91,1840,757,441],"class_list":{"0":"post-10733","1":"post","2":"type-post","3":"status-publish","4":"format-standard","5":"has-post-thumbnail","7":"category-actualidad","8":"tag-cooperativas","9":"tag-featured","10":"tag-ley-pesca-chubut","11":"tag-plantas-pesqueras","12":"tag-stia"},"aioseo_notices":[],"amp_enabled":true,"_links":{"self":[{"href":"https:\/\/partedepesca.com.ar\/d\/wp-json\/wp\/v2\/posts\/10733","targetHints":{"allow":["GET"]}}],"collection":[{"href":"https:\/\/partedepesca.com.ar\/d\/wp-json\/wp\/v2\/posts"}],"about":[{"href":"https:\/\/partedepesca.com.ar\/d\/wp-json\/wp\/v2\/types\/post"}],"author":[{"embeddable":true,"href":"https:\/\/partedepesca.com.ar\/d\/wp-json\/wp\/v2\/users\/3"}],"replies":[{"embeddable":true,"href":"https:\/\/partedepesca.com.ar\/d\/wp-json\/wp\/v2\/comments?post=10733"}],"version-history":[{"count":5,"href":"https:\/\/partedepesca.com.ar\/d\/wp-json\/wp\/v2\/posts\/10733\/revisions"}],"predecessor-version":[{"id":10740,"href":"https:\/\/partedepesca.com.ar\/d\/wp-json\/wp\/v2\/posts\/10733\/revisions\/10740"}],"wp:featuredmedia":[{"embeddable":true,"href":"https:\/\/partedepesca.com.ar\/d\/wp-json\/wp\/v2\/media\/10734"}],"wp:attachment":[{"href":"https:\/\/partedepesca.com.ar\/d\/wp-json\/wp\/v2\/media?parent=10733"}],"wp:term":[{"taxonomy":"category","embeddable":true,"href":"https:\/\/partedepesca.com.ar\/d\/wp-json\/wp\/v2\/categories?post=10733"},{"taxonomy":"post_tag","embeddable":true,"href":"https:\/\/partedepesca.com.ar\/d\/wp-json\/wp\/v2\/tags?post=10733"}],"curies":[{"name":"wp","href":"https:\/\/api.w.org\/{rel}","templated":true}]}}