{"id":10678,"date":"2024-11-29T07:20:45","date_gmt":"2024-11-29T07:20:45","guid":{"rendered":"https:\/\/partedepesca.com.ar\/d\/?p=10678"},"modified":"2024-11-29T18:38:54","modified_gmt":"2024-11-29T18:38:54","slug":"ordenan-cerrar-la-pesqueria-de-vieira-patagonica-en-la-unidad-de-manejo-f","status":"publish","type":"post","link":"https:\/\/partedepesca.com.ar\/d\/ordenan-cerrar-la-pesqueria-de-vieira-patagonica-en-la-unidad-de-manejo-f\/","title":{"rendered":"Ordenan cerrar la pesquer\u00eda de vieira patag\u00f3nica en la Unidad de Manejo F"},"content":{"rendered":"\n<p>Desde hoy y hasta el 31 de diciembre de 2025 permanecer\u00e1 vedada la pesca de la especie vieira patag\u00f3nica (Zygochlamys patagonica), en virtud de una recomendaci\u00f3n de manejo del INIDEP. La medida de cierre la dispuso este jueves el Consejo Federal Pesquero tras recibir y evaluar el Informe T\u00e9cnico Oficial N\u00b0 33\/2024 del Instituto Nacional de Investigaci\u00f3n y Desarrollo Pesquero.<\/p>\n\n\n\n<p>El mismo presenta el an\u00e1lisis de los datos obtenidos en la campa\u00f1a de evaluaci\u00f3n de biomasa de vieira efectuada en la Unidad de Manejo (UM) F, con el objetivo de realizar recomendaciones de CBA y describir la estructura de tallas de la especie.<\/p>\n\n\n\n<p>El informe expresa que se observ\u00f3 una notable disminuci\u00f3n de las biomasas de vieira patag\u00f3nica total y comercial respecto al \u00faltimo registro obtenido en campa\u00f1a de investigaci\u00f3n, y que no se observaron reclutamientos de las cohortes 2022-2023 y 2023-2024.<\/p>\n\n\n\n<figure class=\"wp-block-image size-full\"><a href=\"https:\/\/partedepesca.com.ar\/d\/wp-content\/uploads\/2024\/11\/vieira-patagonica-inidep-UMF.jpg\"><img fetchpriority=\"high\" decoding=\"async\" width=\"960\" height=\"594\" src=\"https:\/\/partedepesca.com.ar\/d\/wp-content\/uploads\/2024\/11\/vieira-patagonica-inidep-UMF.jpg\" alt=\"\" class=\"wp-image-10679\" srcset=\"https:\/\/partedepesca.com.ar\/d\/wp-content\/uploads\/2024\/11\/vieira-patagonica-inidep-UMF.jpg 960w, https:\/\/partedepesca.com.ar\/d\/wp-content\/uploads\/2024\/11\/vieira-patagonica-inidep-UMF-300x186.jpg 300w, https:\/\/partedepesca.com.ar\/d\/wp-content\/uploads\/2024\/11\/vieira-patagonica-inidep-UMF-768x475.jpg 768w, https:\/\/partedepesca.com.ar\/d\/wp-content\/uploads\/2024\/11\/vieira-patagonica-inidep-UMF-150x93.jpg 150w, https:\/\/partedepesca.com.ar\/d\/wp-content\/uploads\/2024\/11\/vieira-patagonica-inidep-UMF-450x278.jpg 450w\" sizes=\"(max-width: 960px) 100vw, 960px\" \/><\/a><\/figure>\n\n\n\n<p>Asimismo, se\u00f1ala que la presencia de lances con condiciones que permitir\u00edan habilitar la pesca (mayor\u00eda en n\u00famero de ejemplares de talla comercial, y densidad de ejemplares comerciales igual o superior a 10 t\/km2) fue muy baja. Por ello, el INIDEP recomienda cerrar a la pesca toda la UM F a partir de este momento y hasta el 31 de diciembre de 2025. <\/p>\n\n\n\n<p>En virtud de esta circunstancia, el Consejo Federal Pequero resolvi\u00f3 por unanimidad disponer el cierre a la pesca de vieira patag\u00f3nica de la Unidad de Manejo (UM) F, a partir de las 00:00 del viernes 29 de noviembre de 2024 y hasta el 31 de diciembre de 2025.<\/p>\n\n\n\n<p><\/p>\n","protected":false},"excerpt":{"rendered":"<p>Desde hoy y hasta el 31 de diciembre de 2025 permanecer\u00e1 vedada la pesca de la especie vieira patag\u00f3nica (Zygochlamys patagonica), en virtud de una recomendaci\u00f3n de manejo del INIDEP. La medida de cierre la dispuso este jueves el Consejo Federal Pesquero tras recibir y evaluar el Informe T\u00e9cnico Oficial N\u00b0 33\/2024 del Instituto Nacional<\/p>\n","protected":false},"author":4,"featured_media":10680,"comment_status":"open","ping_status":"open","sticky":false,"template":"","format":"standard","meta":{"om_disable_all_campaigns":false,"_monsterinsights_skip_tracking":false,"_monsterinsights_sitenote_active":false,"_monsterinsights_sitenote_note":"","_monsterinsights_sitenote_category":0,"footnotes":""},"categories":[9],"tags":[501,91,163,897,576],"class_list":{"0":"post-10678","1":"post","2":"type-post","3":"status-publish","4":"format-standard","5":"has-post-thumbnail","7":"category-actualidad","8":"tag-cfp","9":"tag-featured","10":"tag-inidep","11":"tag-vieira","12":"tag-zygochlamys-patagonica"},"aioseo_notices":[],"amp_enabled":true,"_links":{"self":[{"href":"https:\/\/partedepesca.com.ar\/d\/wp-json\/wp\/v2\/posts\/10678","targetHints":{"allow":["GET"]}}],"collection":[{"href":"https:\/\/partedepesca.com.ar\/d\/wp-json\/wp\/v2\/posts"}],"about":[{"href":"https:\/\/partedepesca.com.ar\/d\/wp-json\/wp\/v2\/types\/post"}],"author":[{"embeddable":true,"href":"https:\/\/partedepesca.com.ar\/d\/wp-json\/wp\/v2\/users\/4"}],"replies":[{"embeddable":true,"href":"https:\/\/partedepesca.com.ar\/d\/wp-json\/wp\/v2\/comments?post=10678"}],"version-history":[{"count":1,"href":"https:\/\/partedepesca.com.ar\/d\/wp-json\/wp\/v2\/posts\/10678\/revisions"}],"predecessor-version":[{"id":10681,"href":"https:\/\/partedepesca.com.ar\/d\/wp-json\/wp\/v2\/posts\/10678\/revisions\/10681"}],"wp:featuredmedia":[{"embeddable":true,"href":"https:\/\/partedepesca.com.ar\/d\/wp-json\/wp\/v2\/media\/10680"}],"wp:attachment":[{"href":"https:\/\/partedepesca.com.ar\/d\/wp-json\/wp\/v2\/media?parent=10678"}],"wp:term":[{"taxonomy":"category","embeddable":true,"href":"https:\/\/partedepesca.com.ar\/d\/wp-json\/wp\/v2\/categories?post=10678"},{"taxonomy":"post_tag","embeddable":true,"href":"https:\/\/partedepesca.com.ar\/d\/wp-json\/wp\/v2\/tags?post=10678"}],"curies":[{"name":"wp","href":"https:\/\/api.w.org\/{rel}","templated":true}]}}