{"id":10646,"date":"2024-11-26T10:30:11","date_gmt":"2024-11-26T10:30:11","guid":{"rendered":"https:\/\/partedepesca.com.ar\/d\/?p=10646"},"modified":"2024-11-27T12:10:42","modified_gmt":"2024-11-27T12:10:42","slug":"chubut-retarda-la-promesa-de-bajar-impuestos-para-preservar-empleos-en-la-pesca","status":"publish","type":"post","link":"https:\/\/partedepesca.com.ar\/d\/chubut-retarda-la-promesa-de-bajar-impuestos-para-preservar-empleos-en-la-pesca\/","title":{"rendered":"Chubut retarda la \u2018promesa\u2019 de bajar impuestos para preservar empleos en la pesca"},"content":{"rendered":"\n<p>El secretario de Pesca, <strong>Andr\u00e9s Arbeletche<\/strong>, en nombre del Gobierno de Chubut que conduce <strong>Ignacio Torres<\/strong>, le comunic\u00f3 a todo el sector pesquero provincial, el pasado 6 de agosto, que el Poder Ejecutivo impulsar\u00eda una ley declarando la <strong>\u2018emergencia pesquera\u2019<\/strong>.<\/p>\n\n\n\n<p>La herramienta normativa tendr\u00eda como <strong>principal objetivo el mantenimiento de los puestos de trabajo<\/strong> en el sector y se instrumentar\u00eda a tal efecto un esquema de reducci\u00f3n impositiva sobre diversas tasas y canon que alcanzan a la industria pesquera, <a href=\"https:\/\/partedepesca.com.ar\/d\/chubut-entrara-en-emergencia-pesquera-para-evitar-despidos\/\">tal como inform\u00f3 <strong>PARTE DE PESCA<\/strong> hace cuatro meses atr\u00e1s<\/a>.<\/p>\n\n\n\n<p>Ese pedido de <strong>\u2018alivio fiscal\u2019 <\/strong>ha sido una demanda que el sector ha venido planteando desde incluso antes que se iniciara la actual gesti\u00f3n de gobierno, a ra\u00edz de una serie de variables end\u00f3genas y ex\u00f3genas que colocan a la actividad en una posici\u00f3n que les quita competitividad.<\/p>\n\n\n\n<p><strong>Esas variables y ese escenario no han cambiado por lo que los fundamentos para la declaraci\u00f3n de la emergencia pesquera siguen plenamente vigentes al cierre del a\u00f1o 2024.<\/strong><\/p>\n\n\n\n<p>La elevada estructura de costos internos de producci\u00f3n es una problem\u00e1tica que tienen esta y otras industrias, con un nivel de retenciones a las exportaciones para el caso de la pesca que la hace menos competitiva. Y, en cuanto a los factores externos, los precios de los mercados internacionales no experimentan un repunte significativo, ni la demanda presenta una curva ascendente.<\/p>\n\n\n\n<p class=\"has-vivid-cyan-blue-color has-text-color has-link-color wp-elements-71fd2586f1f620bcd4f2bc0813bfa6f1\"><strong>S\u00d3LO RESTAN DOS SESIONES LEGISLATIVAS<\/strong><\/p>\n\n\n\n<p>\u201cLa ley tiene como base dos ejes, uno que las empresas que mantengan los puestos de trabajo van a poder acceder a beneficios fiscales, es decir, el Gobierno hace un esfuerzo para apoyar a las empresas y tambi\u00e9n los sindicatos ven garantizados los puestos de empleo que hoy tiene el sector\u201d, se explicaba desde la Secretar\u00eda de Pesca, en agosto pasado, para fundamentar el proyecto de ley, que cuatro meses despu\u00e9s a\u00fan no ha sido elevado a la C\u00e1mara de Diputados.<\/p>\n\n\n\n<p><strong>Desde el sector pesquero advierten con preocupaci\u00f3n que la promesa del gobierno de Ignacio Torres se dilata,<\/strong> teniendo en cuenta que solamente restan dos sesiones ordinarias previstas en la Legislatura, <strong>una prevista para el 5 de diciembre y la \u00faltima para el 19 de diciembre<\/strong>.<\/p>\n\n\n\n<p class=\"has-vivid-cyan-blue-color has-text-color has-link-color wp-elements-375ae82530d18c6a73b9ff2588ae8c7a\"><strong>NECESIDAD DE UN ALIVIO FISCAL<\/strong><\/p>\n\n\n\n<p><strong>\u201cLa pesca no termina en la banquina. Que la temporada se haya iniciado y est\u00e9 la flota operando es solo una foto parcial de la situaci\u00f3n de la actividad\u201d<\/strong>, resumi\u00f3 un referente del sector al ratificar que los factores que daban fundamento al reclamo de esquema de alivio fiscal permanecen en plena vigencia.<\/p>\n\n\n\n<p>La reducci\u00f3n de la carga impositiva no iba a torcer las distorsiones de costos que tiene la industria pesquera, pero resultar\u00eda un gesto de parte del Estado chubutense que colaborar\u00eda en el objetivo final que es la preservaci\u00f3n de los puestos de empleo.<\/p>\n\n\n\n<p>En un esfuerzo conjunto de todas las partes, la zafra provincial de langostino inici\u00f3 en tiempo y forma, pero lejos se est\u00e1 de tirar manteca al techo. <strong>M\u00e1s all\u00e1 que ya se preparen gacetillas<\/strong> para la semana pr\u00f3xima titulando que <strong>\u2018Chubut ha tenido un noviembre r\u00e9cord\u2019<\/strong>, la realidad es que cualquier dato comparado con a\u00f1os anteriores ser\u00e1 superador ya que en a\u00f1os anteriores no se oper\u00f3 en noviembre.<\/p>\n\n\n\n<p><strong>\u201cLos problemas de fondo siguen latentes y el sector aguarda que la promesa del Gobierno de Chubut se cumpla sin mayores dilaciones\u201d<\/strong>, sintetiz\u00f3 otro ejecutivo de una <strong>compa\u00f1\u00eda pesquera exportadora<\/strong> que mientras esperan definiciones a nivel provincial, sigue con no poca preocupaci\u00f3n la evoluci\u00f3n de la recuotificaci\u00f3n y actualizaci\u00f3n de los DUE a nivel nacional.<\/p>\n","protected":false},"excerpt":{"rendered":"<p>El secretario de Pesca, Andr\u00e9s Arbeletche, en nombre del Gobierno de Chubut que conduce Ignacio Torres, le comunic\u00f3 a todo el sector pesquero provincial, el pasado 6 de agosto, que el Poder Ejecutivo impulsar\u00eda una ley declarando la \u2018emergencia pesquera\u2019. La herramienta normativa tendr\u00eda como principal objetivo el mantenimiento de los puestos de trabajo en<\/p>\n","protected":false},"author":3,"featured_media":10650,"comment_status":"open","ping_status":"open","sticky":false,"template":"","format":"standard","meta":{"om_disable_all_campaigns":false,"_monsterinsights_skip_tracking":false,"_monsterinsights_sitenote_active":false,"_monsterinsights_sitenote_note":"","_monsterinsights_sitenote_category":0,"footnotes":""},"categories":[9],"tags":[420,154,246,91,235],"class_list":{"0":"post-10646","1":"post","2":"type-post","3":"status-publish","4":"format-standard","5":"has-post-thumbnail","7":"category-actualidad","8":"tag-andres-arbeletche","9":"tag-chubut","10":"tag-emergencia-pesquera","11":"tag-featured","12":"tag-ignacio-torres"},"aioseo_notices":[],"amp_enabled":true,"_links":{"self":[{"href":"https:\/\/partedepesca.com.ar\/d\/wp-json\/wp\/v2\/posts\/10646","targetHints":{"allow":["GET"]}}],"collection":[{"href":"https:\/\/partedepesca.com.ar\/d\/wp-json\/wp\/v2\/posts"}],"about":[{"href":"https:\/\/partedepesca.com.ar\/d\/wp-json\/wp\/v2\/types\/post"}],"author":[{"embeddable":true,"href":"https:\/\/partedepesca.com.ar\/d\/wp-json\/wp\/v2\/users\/3"}],"replies":[{"embeddable":true,"href":"https:\/\/partedepesca.com.ar\/d\/wp-json\/wp\/v2\/comments?post=10646"}],"version-history":[{"count":4,"href":"https:\/\/partedepesca.com.ar\/d\/wp-json\/wp\/v2\/posts\/10646\/revisions"}],"predecessor-version":[{"id":10657,"href":"https:\/\/partedepesca.com.ar\/d\/wp-json\/wp\/v2\/posts\/10646\/revisions\/10657"}],"wp:featuredmedia":[{"embeddable":true,"href":"https:\/\/partedepesca.com.ar\/d\/wp-json\/wp\/v2\/media\/10650"}],"wp:attachment":[{"href":"https:\/\/partedepesca.com.ar\/d\/wp-json\/wp\/v2\/media?parent=10646"}],"wp:term":[{"taxonomy":"category","embeddable":true,"href":"https:\/\/partedepesca.com.ar\/d\/wp-json\/wp\/v2\/categories?post=10646"},{"taxonomy":"post_tag","embeddable":true,"href":"https:\/\/partedepesca.com.ar\/d\/wp-json\/wp\/v2\/tags?post=10646"}],"curies":[{"name":"wp","href":"https:\/\/api.w.org\/{rel}","templated":true}]}}