{"id":10576,"date":"2024-11-15T09:50:24","date_gmt":"2024-11-15T09:50:24","guid":{"rendered":"https:\/\/partedepesca.com.ar\/d\/?p=10576"},"modified":"2024-11-19T11:13:05","modified_gmt":"2024-11-19T11:13:05","slug":"dispusieron-la-apertura-anticipada-de-la-temporada-de-calamar-illex-para-el-2-de-enero","status":"publish","type":"post","link":"https:\/\/partedepesca.com.ar\/d\/dispusieron-la-apertura-anticipada-de-la-temporada-de-calamar-illex-para-el-2-de-enero\/","title":{"rendered":"Dispusieron la apertura anticipada de la temporada de calamar Illex para el 2 de enero"},"content":{"rendered":"\n<p>El Consejo Federal Pesquero (CFP) decidi\u00f3 por unanimidad que a partir del 2 de enero de 2025 se proceda a la apertura anticipada de la temporada de la especie <em>Illex argentinus,<\/em> <strong>entre los paralelos 49\u00b0 y 52\u00b0 de latitud Sur, a pesar que las c\u00e1maras empresariales advirtieron expresamente que los intentos de a\u00f1os anteriores de ir a buscar vol\u00famenes del Stock Sub Patag\u00f3nico en ese sector han sido infructuosos.<\/strong><\/p>\n\n\n\n<p>La C\u00e1mara de Armadores de Poteros Argentinos (CAPA) y la C\u00e1mara de Empresas Pesqueras Argentinas (CEPA), en sendas presentaciones, hab\u00edan planteado al Consejo Federal Pesquero que <strong>se dispusiera la apertura anticipada de calamar al sur del paralelo 44\u00b0 S a partir del 10 de enero de 2025<\/strong>.<\/p>\n\n\n\n<p>Independientemente de los requerimientos de la flota nacional, finalmente se adopt\u00f3 un esquema de apertura similar al aplicado en la temporada anterior, abri\u00e9ndose primero al sur del paralelo 49\u00b0LS, y una semana despu\u00e9s al sur del 44\u00b0LS para buques que hayan participado de la primera exploraci\u00f3n, y como tercera instancia, unos d\u00edas m\u00e1s tarde para el resto de la flota.<\/p>\n\n\n\n<figure class=\"wp-block-image size-large\"><a href=\"https:\/\/partedepesca.com.ar\/d\/wp-content\/uploads\/2024\/06\/potero-buque-barco-calamar-8.jpg\"><img fetchpriority=\"high\" decoding=\"async\" width=\"1024\" height=\"768\" src=\"https:\/\/partedepesca.com.ar\/d\/wp-content\/uploads\/2024\/06\/potero-buque-barco-calamar-8-1024x768.jpg\" alt=\"\" class=\"wp-image-7458\" srcset=\"https:\/\/partedepesca.com.ar\/d\/wp-content\/uploads\/2024\/06\/potero-buque-barco-calamar-8-1024x768.jpg 1024w, https:\/\/partedepesca.com.ar\/d\/wp-content\/uploads\/2024\/06\/potero-buque-barco-calamar-8-300x225.jpg 300w, https:\/\/partedepesca.com.ar\/d\/wp-content\/uploads\/2024\/06\/potero-buque-barco-calamar-8-768x576.jpg 768w, https:\/\/partedepesca.com.ar\/d\/wp-content\/uploads\/2024\/06\/potero-buque-barco-calamar-8-150x113.jpg 150w, https:\/\/partedepesca.com.ar\/d\/wp-content\/uploads\/2024\/06\/potero-buque-barco-calamar-8-450x338.jpg 450w, https:\/\/partedepesca.com.ar\/d\/wp-content\/uploads\/2024\/06\/potero-buque-barco-calamar-8-1200x900.jpg 1200w, https:\/\/partedepesca.com.ar\/d\/wp-content\/uploads\/2024\/06\/potero-buque-barco-calamar-8.jpg 1280w\" sizes=\"(max-width: 1024px) 100vw, 1024px\" \/><\/a><\/figure>\n\n\n\n<p>\u201cSe toma conocimiento de las notas recibidas, a trav\u00e9s de las cuales se solicita la apertura anticipada de la temporada de calamar 2025 al sur del paralelo 44\u00b0 de latitud Sur, a partir del d\u00eda 10 de enero pr\u00f3ximo\u201d, indica el Acta 22 del CFP de la sesi\u00f3n de ayser. \u201cEl pedido se fundamenta en los resultados favorables que se han obtenido a partir de la adopci\u00f3n de esta medida en a\u00f1os anteriores con el apoyo de los informes del INIDEP\u201d.<\/p>\n\n\n\n<p>Asimismo, las presentaciones manifiestan que si bien en la temporada del corriente a\u00f1o, al igual que en a\u00f1os anteriores, \u201cse hicieron intentos de buscar vol\u00famenes del SSP entre los paralelos 49\u00b0 y 52\u00b0 de latitud Sur, los resultados no han sido satisfactorios\u201d, citaron sobre el planteo de las c\u00e1maras.<\/p>\n\n\n\n<p>A continuaci\u00f3n, se decidi\u00f3 por unanimidad disponer la apertura anticipada de la temporada de captura de la especie calamar (Illex argentinus), de la siguiente manera:<\/p>\n\n\n\n<ul class=\"wp-block-list\">\n<li>entre los paralelos 49\u00b0 y 52\u00b0 de latitud Sur, desde la hora 0:00 del d\u00eda 2 de enero de 2025;<\/li>\n<\/ul>\n\n\n\n<ul class=\"wp-block-list\">\n<li>al sur del paralelo 44\u00b0 de latitud Sur, exclusivamente a los buques que hubieran operado al sur del paralelo 49\u00b0 de latitud Sur durante al menos tres (3) d\u00edas en tareas de pesca desde la hora 0:00 del d\u00eda 7 de enero de 2025<\/li>\n<\/ul>\n\n\n\n<ul class=\"wp-block-list\">\n<li>al sur del paralelo 44\u00b0 de latitud Sur para el resto de la flota, desde la hora 0:00 del d\u00eda 12 de enero de 2025.<\/li>\n<\/ul>\n\n\n\n<p><\/p>\n","protected":false},"excerpt":{"rendered":"<p>El Consejo Federal Pesquero (CFP) decidi\u00f3 por unanimidad que a partir del 2 de enero de 2025 se proceda a la apertura anticipada de la temporada de la especie Illex argentinus, entre los paralelos 49\u00b0 y 52\u00b0 de latitud Sur, a pesar que las c\u00e1maras empresariales advirtieron expresamente que los intentos de a\u00f1os anteriores de<\/p>\n","protected":false},"author":3,"featured_media":3804,"comment_status":"open","ping_status":"open","sticky":false,"template":"","format":"standard","meta":{"om_disable_all_campaigns":false,"_monsterinsights_skip_tracking":false,"_monsterinsights_sitenote_active":false,"_monsterinsights_sitenote_note":"","_monsterinsights_sitenote_category":0,"footnotes":""},"categories":[9],"tags":[1337,204,205,501,91,546],"class_list":{"0":"post-10576","1":"post","2":"type-post","3":"status-publish","4":"format-standard","5":"has-post-thumbnail","7":"category-actualidad","8":"tag-calamar-argentino","9":"tag-capa","10":"tag-cepa","11":"tag-cfp","12":"tag-featured","13":"tag-illex-argentinus"},"aioseo_notices":[],"amp_enabled":true,"_links":{"self":[{"href":"https:\/\/partedepesca.com.ar\/d\/wp-json\/wp\/v2\/posts\/10576","targetHints":{"allow":["GET"]}}],"collection":[{"href":"https:\/\/partedepesca.com.ar\/d\/wp-json\/wp\/v2\/posts"}],"about":[{"href":"https:\/\/partedepesca.com.ar\/d\/wp-json\/wp\/v2\/types\/post"}],"author":[{"embeddable":true,"href":"https:\/\/partedepesca.com.ar\/d\/wp-json\/wp\/v2\/users\/3"}],"replies":[{"embeddable":true,"href":"https:\/\/partedepesca.com.ar\/d\/wp-json\/wp\/v2\/comments?post=10576"}],"version-history":[{"count":2,"href":"https:\/\/partedepesca.com.ar\/d\/wp-json\/wp\/v2\/posts\/10576\/revisions"}],"predecessor-version":[{"id":10578,"href":"https:\/\/partedepesca.com.ar\/d\/wp-json\/wp\/v2\/posts\/10576\/revisions\/10578"}],"wp:featuredmedia":[{"embeddable":true,"href":"https:\/\/partedepesca.com.ar\/d\/wp-json\/wp\/v2\/media\/3804"}],"wp:attachment":[{"href":"https:\/\/partedepesca.com.ar\/d\/wp-json\/wp\/v2\/media?parent=10576"}],"wp:term":[{"taxonomy":"category","embeddable":true,"href":"https:\/\/partedepesca.com.ar\/d\/wp-json\/wp\/v2\/categories?post=10576"},{"taxonomy":"post_tag","embeddable":true,"href":"https:\/\/partedepesca.com.ar\/d\/wp-json\/wp\/v2\/tags?post=10576"}],"curies":[{"name":"wp","href":"https:\/\/api.w.org\/{rel}","templated":true}]}}