{"id":10545,"date":"2024-11-13T08:08:00","date_gmt":"2024-11-13T08:08:00","guid":{"rendered":"https:\/\/partedepesca.com.ar\/d\/?p=10545"},"modified":"2024-11-14T12:02:45","modified_gmt":"2024-11-14T12:02:45","slug":"la-cadena-de-valor-de-la-pesca-patagonica-estara-en-evenpa-2025","status":"publish","type":"post","link":"https:\/\/partedepesca.com.ar\/d\/la-cadena-de-valor-de-la-pesca-patagonica-estara-en-evenpa-2025\/","title":{"rendered":"La cadena de valor de la pesca patag\u00f3nica estar\u00e1 en EVENPa 2025"},"content":{"rendered":"\n<p>EVENPa tendr\u00e1 su tercera edici\u00f3n el 24, 25 y 26 de abril de 2025 donde se reunir\u00e1n nuevamente en Puerto Madryn las empresas tractoras, PyMEs y proveedores de productos y servicios de todos los sectores productivos y convocantes de la regi\u00f3n.<\/p>\n\n\n\n<p>Desde la C\u00e1mara Industrial y de Comercio Exterior de Puerto Madryn y Regi\u00f3n Patagonia (CIMA), instituci\u00f3n organizadora, se anunci\u00f3 que \u201cel sector pesca, pilar fundamental en el desarrollo econ\u00f3mico regional y nacional tendr\u00e1 un espacio propio dedicado a la industria pesquera y sectores vinculados\u201d.<\/p>\n\n\n\n<p>\u201cEl \u2018Pabell\u00f3n Azul\u2019 incluir\u00e1 a toda la cadena de valor de la pesca y estar\u00e1 en EVENPa 2025. La industria pesquera patag\u00f3nica posee el reconocimiento internacional por la calidad de los productos que procesa y exporta desde nuestra regi\u00f3n a los mercados m\u00e1s exigentes del mundo. La Pesca ser\u00e1 protagonista de EVENPa 2025\u201d, ratifican.<\/p>\n\n\n\n<p>La tercera edici\u00f3n de la Exposici\u00f3n y Encuentros de Vinculaci\u00f3n Empresaria y Negocios de la Patagonia, que se llevar\u00e1 a cabo en la ciudad del golfo los d\u00edas 24, 25 y 26 de abril del a\u00f1o pr\u00f3xim en el predio del Parque Tecnol\u00f3gico y de CIMA Patagonia.<\/p>\n\n\n\n<p>La edici\u00f3n 2025 tendr\u00e1 mayor espacio de exposiciones y la industria pesquera podr\u00e1 mostrar todo su desarrollo y potencial en un pabell\u00f3n destinado exclusivamente a la actividad.<\/p>\n\n\n\n<p>\u201cLa C\u00e1mara Argentina Patag\u00f3nica de Industrias Pesqueras (CAPIP) ha mantenido un trabajo colaborativo permanente con CIMA Patagonia y se ha gestionado darle un mayor espacio dentro del evento proyectado para abril de 2025\u201d, se\u00f1alan desde la organizaci\u00f3n.<\/p>\n\n\n\n<p>La pesca patag\u00f3nica no solo exhibir\u00e1 las inversiones que tiene en la regi\u00f3n, su importancia en funci\u00f3n de ser el tercer sector exportador de Chubut, con m\u00e1s de cuarenta establecimientos habilitados de los que dependen m\u00e1s de diez mil empleos.<\/p>\n\n\n\n<p><\/p>\n","protected":false},"excerpt":{"rendered":"<p>EVENPa tendr\u00e1 su tercera edici\u00f3n el 24, 25 y 26 de abril de 2025 donde se reunir\u00e1n nuevamente en Puerto Madryn las empresas tractoras, PyMEs y proveedores de productos y servicios de todos los sectores productivos y convocantes de la regi\u00f3n. Desde la C\u00e1mara Industrial y de Comercio Exterior de Puerto Madryn y Regi\u00f3n Patagonia<\/p>\n","protected":false},"author":4,"featured_media":10546,"comment_status":"open","ping_status":"open","sticky":false,"template":"","format":"standard","meta":{"om_disable_all_campaigns":false,"_monsterinsights_skip_tracking":false,"_monsterinsights_sitenote_active":false,"_monsterinsights_sitenote_note":"","_monsterinsights_sitenote_category":0,"footnotes":""},"categories":[9],"tags":[1701,662,1801,91,172,1802],"class_list":{"0":"post-10545","1":"post","2":"type-post","3":"status-publish","4":"format-standard","5":"has-post-thumbnail","7":"category-actualidad","8":"tag-cadena-de-valor","9":"tag-cima-patagonia","10":"tag-evenpa","11":"tag-featured","12":"tag-industria-pesquera","13":"tag-pabellon-azul"},"aioseo_notices":[],"amp_enabled":true,"_links":{"self":[{"href":"https:\/\/partedepesca.com.ar\/d\/wp-json\/wp\/v2\/posts\/10545","targetHints":{"allow":["GET"]}}],"collection":[{"href":"https:\/\/partedepesca.com.ar\/d\/wp-json\/wp\/v2\/posts"}],"about":[{"href":"https:\/\/partedepesca.com.ar\/d\/wp-json\/wp\/v2\/types\/post"}],"author":[{"embeddable":true,"href":"https:\/\/partedepesca.com.ar\/d\/wp-json\/wp\/v2\/users\/4"}],"replies":[{"embeddable":true,"href":"https:\/\/partedepesca.com.ar\/d\/wp-json\/wp\/v2\/comments?post=10545"}],"version-history":[{"count":1,"href":"https:\/\/partedepesca.com.ar\/d\/wp-json\/wp\/v2\/posts\/10545\/revisions"}],"predecessor-version":[{"id":10547,"href":"https:\/\/partedepesca.com.ar\/d\/wp-json\/wp\/v2\/posts\/10545\/revisions\/10547"}],"wp:featuredmedia":[{"embeddable":true,"href":"https:\/\/partedepesca.com.ar\/d\/wp-json\/wp\/v2\/media\/10546"}],"wp:attachment":[{"href":"https:\/\/partedepesca.com.ar\/d\/wp-json\/wp\/v2\/media?parent=10545"}],"wp:term":[{"taxonomy":"category","embeddable":true,"href":"https:\/\/partedepesca.com.ar\/d\/wp-json\/wp\/v2\/categories?post=10545"},{"taxonomy":"post_tag","embeddable":true,"href":"https:\/\/partedepesca.com.ar\/d\/wp-json\/wp\/v2\/tags?post=10545"}],"curies":[{"name":"wp","href":"https:\/\/api.w.org\/{rel}","templated":true}]}}