{"id":10050,"date":"2024-10-29T10:15:57","date_gmt":"2024-10-29T10:15:57","guid":{"rendered":"https:\/\/partedepesca.com.ar\/d\/?p=10050"},"modified":"2024-10-30T11:44:49","modified_gmt":"2024-10-30T11:44:49","slug":"absolvieron-a-los-dirigentes-del-supa-chubut-acusados-de-extorsion","status":"publish","type":"post","link":"https:\/\/partedepesca.com.ar\/d\/absolvieron-a-los-dirigentes-del-supa-chubut-acusados-de-extorsion\/","title":{"rendered":"Absolvieron a los dirigentes del SUPA Chubut acusados de extorsi\u00f3n"},"content":{"rendered":"\n<p>La jueza penal de Rawson, <strong>Ana Karina Breckle<\/strong>, dict\u00f3 el <strong>sobreseimiento total y definitivo<\/strong> de los integrantes de la Comisi\u00f3n Directiva de del SUPA Chubut: <strong>Alexis Gabriel Gutierrez, Bruno Nicol\u00e1s Igor Vera, Claudio Villarroel, Jos\u00e9 Gabriel Zambrano, Juan Carlos Cipriano Inalef y Cristian Antonio P\u00e9rez<\/strong>, quienes fueron perseguidos penalmente por la presunta comisi\u00f3n de los delitos de extorsi\u00f3n y asociaci\u00f3n il\u00edcita, seg\u00fan precisa la sentencia N\u00b0 1152\/2024 a la que accedi\u00f3 <strong>PARTE DE PESCA<\/strong>.<\/p>\n\n\n\n<p>El Ministerio P\u00fablico Fiscal no solo no acus\u00f3, sino que fue qui\u00e9n solicit\u00f3 el sobreseimiento \u201csobre todos los hechos, conductas e imputaciones\u201d que inicialmente sostuvieron los denunciantes y la fiscal actuante promovi\u00f3 pidiendo la detenci\u00f3n de los acusados.<\/p>\n\n\n\n<p>El procurador Fiscal, Dr. Juan Leonardo Cheuqueman, demoli\u00f3 cada uno de los argumentos que en la apertura de investigaci\u00f3n hab\u00eda sostenido la fiscal general Florencia G\u00f3mez. Y, la jueza Breckle hizo un fuerte llamado de atenci\u00f3n a la Fiscal\u00eda por su actuaci\u00f3n en el proceso: &#8220;estimo necesario exhortar al MPF que, en casos como el presente, antes de realizar cualquier tipo de imputaci\u00f3n que pueda vulnerar abiertamente derechos de los trabajadores o de sus representantes gremiales recabe objetivamente todos los elementos necesarios para poder realizar previamente un an\u00e1lisis legal, objetivo y suficiente&#8221;, reproch\u00f3.<\/p>\n\n\n\n<p class=\"has-vivid-cyan-blue-color has-text-color has-link-color wp-elements-63ae4f1ce86995f8d870bafeda9f2bc7\"><strong>SIN ELEMENTOS PARA SOSTENER LA ACUSACI\u00d3N<\/strong><\/p>\n\n\n\n<p>El Fiscal requiri\u00f3 el sobreseimiento de todos los imputados &#8220;luego de las distintas medidas realizadas del cual se pudo determinar que los imputados antes de ser integrantes del SUPA fueron empleados de varias empresas de los denunciantes y que cuando pasaron a pertenecer al gremio, realizaron varios reclamos laborales leg\u00edtimos&#8221;, subraya Cheuqueman.<\/p>\n\n\n\n<p>Agreg\u00f3 que <strong>&#8220;todo comenz\u00f3 con un conflicto laboral entre las partes. El gremio SUPA realiz\u00f3 un paro leg\u00edtimo de la actividad portuaria<\/strong> con el fin de llegar a un acuerdo laboral de las condiciones requeridas por este en beneficio de sus afiliados, y luego de ello, se logr\u00f3 continuar de manera regular las actividades laborales conforme acuerdo realizado entre el gremio y los empleadores&#8221;, precisa el procurador.<\/p>\n\n\n\n<p>De todo el expediente, el fiscal sostuvo <strong>que &#8220;no existen nuevos elementos que surjan de la investigaci\u00f3n que permitan cumplimentar los requisitos objetivo y subjetivos que requiere la figura penal imputada a cada uno de los encartados&#8221;<\/strong>, advierte al dar cuenta que no tiene elementos para sostener la acusaci\u00f3n por lo que pidi\u00f3 sobreseerlos a todos.<\/p>\n\n\n\n<p class=\"has-vivid-cyan-blue-color has-text-color has-link-color wp-elements-138ff086e1e899849e04e22dfdc3ccb8\"><strong>LOS DENUNCIANTES FINGIERON DEMENCIA<\/strong><\/p>\n\n\n\n<p>La jueza describe en la p\u00e1gina 23 del fallo un dato por dem\u00e1s significativo sobre el que funda la sentencia de sobreseimiento al indicar que a trav\u00e9s de un acta notarial fechada el 29 de julio de 2024, \u201clos denunciantes<strong> Ra\u00fal Mat\u00edas Cereseto<\/strong>, en representaci\u00f3n de RV S.A.; <strong>Rafael Alejandro Su\u00e1rez<\/strong> en representaci\u00f3n de Estibajes Suarmo S.A.; <strong>Ezequiel Jaroslavsky<\/strong> en representaci\u00f3n de Don Ger\u00f3nimo SRL; <strong>Sergio Gustavo Pantano<\/strong> en representaci\u00f3n de Scarico SRL y <strong>Leandro Ezequiel \u00c1lvarez<\/strong> en representaci\u00f3n de Trekan SRL (la empresa del comodorense <strong>Luis &#8216;Mono&#8217; Santander<\/strong>) y los imputados han arribado a un entendimiento sobre las distintas y contrarias posiciones asumidas en la causa con relaci\u00f3n a los hechos investigados\u201d.<\/p>\n\n\n\n<p>En esa acta notarial a la que refiere la magistrada, \u201centienden, aceptan y reconocen que <strong>el conflicto penal suscitado ha sido motivado fundamentalmente por desinteligencias propias de los roles disimiles que cada uno ocupa en la actividad que nos vincula\u201d.<\/strong><\/p>\n\n\n\n<p>As\u00ed, los denunciantes advierten que &#8220;los hechos que motivaron <strong>la instancia de la acci\u00f3n fueron consecuencia directa de una err\u00f3nea interpretaci\u00f3n de los hechos, yerro que motiv\u00f3 a realizar denuncias penales <\/strong>que formaron parte de la investigaci\u00f3n preparatoria&#8221;, transcribe la sentencia. Donde los denunciantes agregan y dicen: <strong>&#8220;En suma, las conversaciones mantenidas nos persuaden de modo suficiente, y en definitiva, que no se cometi\u00f3 delito alguno&#8230;&#8221;<\/strong>.<\/p>\n\n\n\n<figure class=\"wp-block-image size-large\"><a href=\"https:\/\/partedepesca.com.ar\/d\/wp-content\/uploads\/2024\/10\/ceresetto-pantano-jaroslavky-suarez-santander-CAUSA-SUPA-1.jpeg\"><img fetchpriority=\"high\" decoding=\"async\" width=\"1024\" height=\"700\" src=\"https:\/\/partedepesca.com.ar\/d\/wp-content\/uploads\/2024\/10\/ceresetto-pantano-jaroslavky-suarez-santander-CAUSA-SUPA-1-1024x700.jpeg\" alt=\"\" class=\"wp-image-10052\" srcset=\"https:\/\/partedepesca.com.ar\/d\/wp-content\/uploads\/2024\/10\/ceresetto-pantano-jaroslavky-suarez-santander-CAUSA-SUPA-1-1024x700.jpeg 1024w, https:\/\/partedepesca.com.ar\/d\/wp-content\/uploads\/2024\/10\/ceresetto-pantano-jaroslavky-suarez-santander-CAUSA-SUPA-1-300x205.jpeg 300w, https:\/\/partedepesca.com.ar\/d\/wp-content\/uploads\/2024\/10\/ceresetto-pantano-jaroslavky-suarez-santander-CAUSA-SUPA-1-768x525.jpeg 768w, https:\/\/partedepesca.com.ar\/d\/wp-content\/uploads\/2024\/10\/ceresetto-pantano-jaroslavky-suarez-santander-CAUSA-SUPA-1-1536x1050.jpeg 1536w, https:\/\/partedepesca.com.ar\/d\/wp-content\/uploads\/2024\/10\/ceresetto-pantano-jaroslavky-suarez-santander-CAUSA-SUPA-1-150x103.jpeg 150w, https:\/\/partedepesca.com.ar\/d\/wp-content\/uploads\/2024\/10\/ceresetto-pantano-jaroslavky-suarez-santander-CAUSA-SUPA-1-450x308.jpeg 450w, https:\/\/partedepesca.com.ar\/d\/wp-content\/uploads\/2024\/10\/ceresetto-pantano-jaroslavky-suarez-santander-CAUSA-SUPA-1-1200x820.jpeg 1200w, https:\/\/partedepesca.com.ar\/d\/wp-content\/uploads\/2024\/10\/ceresetto-pantano-jaroslavky-suarez-santander-CAUSA-SUPA-1.jpeg 1659w\" sizes=\"(max-width: 1024px) 100vw, 1024px\" \/><\/a><figcaption class=\"wp-element-caption\">Los empresarios Cereseto (el de la RAM), Pantano, Jaroslavsky, Su\u00e1rez y Santander negaron haber sido extorsionados por los dirigentes del SUPA, dijeron que fue un &#8220;error de interpretaci\u00f3n&#8221;.<\/figcaption><\/figure>\n\n\n\n<p>En la sentencia, la jueza Breckle a\u00f1ade: &#8220;Corresponde, atento lo manifestado por los defensores el sobreseimiento total y definitivo de cada una de las personas imputadas por todas las denuncias achacadas, m\u00e1s las que fueron expresadas en los distintos pedidos de medidas ante la judicatura, de hecho, corresponde tener por &#8216;desinteligencias&#8217; a toda denuncia o manifestaci\u00f3n que dependan de este caso y que el acusador haya generado un legajo distinto al legajo principal&#8221;, puntualiza. En ese lote de acusaciones que no llegaron a ser imputaciones, est\u00e1 el incidente en el que \u2018Tato\u2019 Cereseto les atribuy\u00f3 el incendio de su camioneta RAM en febrero de este a\u00f1o.<\/p>\n\n\n\n<p class=\"has-vivid-cyan-blue-color has-text-color has-link-color wp-elements-3a810c1624caa53cfe246b908ce006a3\"><strong>\u201cLA JUSTICIA TARDA, PERO LLEGA\u201d<\/strong><\/p>\n\n\n\n<p>Conocida la sentencia absolutoria, el secretario General del SUPA Chubut, <strong>Alexis Gutierrez<\/strong>, se expres\u00f3 a trav\u00e9s de un extenso pronunciamiento, en el que destaca los alcances del fallo, pero advierte que <strong>\u201cel da\u00f1o ya est\u00e1 hecho y las consecuencias son, en la gran mayor\u00eda de casos como el nuestro, irreparables\u201d<\/strong>.<\/p>\n\n\n\n<p>El sindicalista de la estiba no ahorr\u00f3 cr\u00edticas a la actuaci\u00f3n que tuvieron los operadores judiciales y el rol ejercido por las m\u00e1ximas autoridades pol\u00edticas provinciales vociferando acusaciones, en cuanto medio de comunicaci\u00f3n tuvieron al alcance; conduta que interpreta tendi\u00f3 a \u201cestigmatizarlos\u201d ante la sociedad.<\/p>\n\n\n\n<p>&nbsp;\u201cLo transitado ha sido dif\u00edcil, <strong>hemos tenido que lidiar con aceitados canales de tr\u00e1fico de influencias<\/strong> que impregnaron todas las v\u00edas institucionales obstaculizando y\/o frustrando as\u00ed la expresi\u00f3n de leg\u00edtimos reclamos laborales, incluso hemos padecido vulneraciones a nuestro derecho de defensa, hemos tenido que escuchar a una diversidad de locutores que, con y sin autoridad, con y sin legitimaci\u00f3n, aunque todos con la misma impunidad y sin contar con informaci\u00f3n veros\u00edmil, <strong>nos estigmatizaran desde la Quiaca hasta Tierra del Fuego<\/strong>, con expresiones cuyas consecuencias en cuanto a su extensi\u00f3n y alcance se vieron acrecentadas por el efecto multiplicador de las redes sociales\u201d, describi\u00f3 Gutierrez.<\/p>\n\n\n\n<p>Record\u00f3 que \u201creci\u00e9n hab\u00edamos asumido la gesti\u00f3n sindical cuando<strong> la embestida desde todos los \u00e1mbitos nos acorral\u00f3 -acompa\u00f1ada con un incesante despliegue de violencia institucional-, <\/strong>y no como alg\u00fan pol\u00edtico audaz e inadvertido profiri\u00f3 -faltando absolutamente a la verdad- ante toda la poblaci\u00f3n que se trataba de una conducci\u00f3n que estaba atornillada desplegando pr\u00e1cticas ilegales y violentas desde hac\u00eda a\u00f1os en la conducci\u00f3n sindical, sino que, adem\u00e1s, tal como la justicia ahora ha dicho, no cometimos los delitos que se nos endilgaron\u201d, dijo tras el fallo absolutorio.<\/p>\n\n\n\n<p>En este contexto, el referente sindical reflexion\u00f3 que \u201clas instituciones p\u00fablicas est\u00e1n cada d\u00eda m\u00e1s desprestigiadas, el bienestar general ya no parece ser un objetivo noble, y los funcionarios han devenido en su mayor\u00eda funcionales al poder econ\u00f3mico de una forma indisimulable, por lo que, urge devolverles a aquellas el estatuto y las funciones que est\u00e1n llamadas a cumplir. Y en eso sin dudas la pol\u00edtica tiene una misi\u00f3n ineludible y trascendental que afrontar\u201d, recomend\u00f3.<\/p>\n\n\n\n<p class=\"has-vivid-cyan-blue-color has-text-color has-link-color wp-elements-ba5f3a7260907a6657b4fa9ec4f161dc\"><strong>\u201cQUEREMOS RECONSTRUIR EL PACTO SOCIAL\u201d<\/strong><\/p>\n\n\n\n<p>Asimismo, apunt\u00f3 al poder pol\u00edtico: \u201cestamos convencidos que <strong>fallaron en su funci\u00f3n los representantes pol\u00edticos de la administraci\u00f3n p\u00fablica provincial, de la justicia, de los medios de comunicaci\u00f3n<\/strong> (quienes tambi\u00e9n tienen una funci\u00f3n social importante que cumplir al ser formadores de opini\u00f3n) y, por otra parte, la ansiedad de los cibernautas que tambi\u00e9n ayudo significativamente a la producci\u00f3n de efectos perjudiciales imparables e inconmensurables en nuestras vidas personales, as\u00ed como en nuestras funciones de representaci\u00f3n\u201d, agreg\u00f3.<\/p>\n\n\n\n<p>Alexis Gutierrez dijo que \u201cel Estado tendr\u00eda que estar presente para corregir las asimetr\u00edas estructurales, para servir de mediador, de tercero imparcial que garantice los derechos de todos con la objetividad necesaria. <strong>En modo alguno la funci\u00f3n estatal puede residir, como sucedi\u00f3, en utilizar los recursos estatales a su disposici\u00f3n para tomar partido por una de las partes de un conflicto ni a profundizarlos ni a promover la estigmatizaci\u00f3n de nadie<\/strong>\u201d, cuestion\u00f3.<\/p>\n\n\n\n<p>Finalmente sostuvo que \u201clos roles que cada uno de los actores ocupamos en la sociedad no pueden ser concebidos en t\u00e9rminos manique\u00edstas que nos impida pensar la complejidad de la trama social en un marco de di\u00e1logo honesto y respetuoso. <strong>Debemos entonces superar aquella concepci\u00f3n si queremos reconstruir el Pacto Social. Y ese es nuestro llamamiento, y lo es por el bienestar general de la comunidad que nos acoge\u201d<\/strong>, concluy\u00f3.<\/p>\n\n\n\n<p>&#8212;&#8212;<a href=\"https:\/\/partedepesca.com.ar\/d\/wp-content\/uploads\/2024\/10\/Sentencia-Dra-Breckle-causa-SUPA-Chubut.pdf\" target=\"_blank\" rel=\"noopener\" title=\"\"><strong><em><br><br>RESOLUCI\u00d3N JUEZA ANA BRECKLE<span lang=\"ES\"><\/span><br><br><\/em><\/strong><\/a>&#8212;&#8212;<\/p>\n\n\n\n<p><\/p>\n","protected":false},"excerpt":{"rendered":"<p>La jueza penal de Rawson, Ana Karina Breckle, dict\u00f3 el sobreseimiento total y definitivo de los integrantes de la Comisi\u00f3n Directiva de del SUPA Chubut: Alexis Gabriel Gutierrez, Bruno Nicol\u00e1s Igor Vera, Claudio Villarroel, Jos\u00e9 Gabriel Zambrano, Juan Carlos Cipriano Inalef y Cristian Antonio P\u00e9rez, quienes fueron perseguidos penalmente por la presunta comisi\u00f3n de los<\/p>\n","protected":false},"author":3,"featured_media":10053,"comment_status":"open","ping_status":"open","sticky":false,"template":"","format":"standard","meta":{"om_disable_all_campaigns":false,"_monsterinsights_skip_tracking":false,"_monsterinsights_sitenote_active":false,"_monsterinsights_sitenote_note":"","_monsterinsights_sitenote_category":0,"footnotes":""},"categories":[9,1],"tags":[817,815,734,1763,813,816,91,856,855,1761,819,348,1762],"class_list":{"0":"post-10050","1":"post","2":"type-post","3":"status-publish","4":"format-standard","5":"has-post-thumbnail","7":"category-actualidad","8":"category-noticias","9":"tag-alejandro-suarez","10":"tag-alexis-gutierrez","11":"tag-estiba-rawson","12":"tag-estibaje-don-geronimo","13":"tag-estibajes-suarmo","14":"tag-ezequiel-jaroslavsky","15":"tag-featured","16":"tag-luis-santander","17":"tag-raul-cereseto","18":"tag-scarico-srl","19":"tag-sergio-pantano","20":"tag-supa-chubut","21":"tag-trekan-srl"},"aioseo_notices":[],"amp_enabled":true,"_links":{"self":[{"href":"https:\/\/partedepesca.com.ar\/d\/wp-json\/wp\/v2\/posts\/10050","targetHints":{"allow":["GET"]}}],"collection":[{"href":"https:\/\/partedepesca.com.ar\/d\/wp-json\/wp\/v2\/posts"}],"about":[{"href":"https:\/\/partedepesca.com.ar\/d\/wp-json\/wp\/v2\/types\/post"}],"author":[{"embeddable":true,"href":"https:\/\/partedepesca.com.ar\/d\/wp-json\/wp\/v2\/users\/3"}],"replies":[{"embeddable":true,"href":"https:\/\/partedepesca.com.ar\/d\/wp-json\/wp\/v2\/comments?post=10050"}],"version-history":[{"count":4,"href":"https:\/\/partedepesca.com.ar\/d\/wp-json\/wp\/v2\/posts\/10050\/revisions"}],"predecessor-version":[{"id":10063,"href":"https:\/\/partedepesca.com.ar\/d\/wp-json\/wp\/v2\/posts\/10050\/revisions\/10063"}],"wp:featuredmedia":[{"embeddable":true,"href":"https:\/\/partedepesca.com.ar\/d\/wp-json\/wp\/v2\/media\/10053"}],"wp:attachment":[{"href":"https:\/\/partedepesca.com.ar\/d\/wp-json\/wp\/v2\/media?parent=10050"}],"wp:term":[{"taxonomy":"category","embeddable":true,"href":"https:\/\/partedepesca.com.ar\/d\/wp-json\/wp\/v2\/categories?post=10050"},{"taxonomy":"post_tag","embeddable":true,"href":"https:\/\/partedepesca.com.ar\/d\/wp-json\/wp\/v2\/tags?post=10050"}],"curies":[{"name":"wp","href":"https:\/\/api.w.org\/{rel}","templated":true}]}}